{"id":193091,"date":"2026-05-01T17:27:42","date_gmt":"2026-05-01T23:27:42","guid":{"rendered":"https:\/\/reportegam.com\/?p=193091"},"modified":"2026-05-01T23:27:45","modified_gmt":"2026-05-01T23:27:45","slug":"en-mh-inauguran-festival-de-las-flores-y-jardines-2006","status":"publish","type":"post","link":"https:\/\/reportegam.com\/index.php\/2026\/05\/01\/en-mh-inauguran-festival-de-las-flores-y-jardines-2006\/","title":{"rendered":"En MH inauguran Festival de las Flores y Jardines 2006"},"content":{"rendered":"<blockquote>\n<h3 style=\"text-align: center;\"><em><strong>Hoy Miguel Hidalgo vuelve a florecer y se convierte una vez m\u00e1s en el jard\u00edn m\u00e1s hermoso de toda la Ciudad de M\u00e9xico\u00bb, afirm\u00f3 el alcalde de MH Mauricio Tabe.<\/strong><\/em><\/h3>\n<\/blockquote>\n<hr \/>\n<h4>David Polanco \/ CDMX Magac\u00edn<\/h4>\n<hr \/>\n<p>Mauricio Tabe, alcalde en Miguel Hidalgo y Patricia El\u00edas Calles, organizadora del Festival de las Flores y Jardines (FYJA) 2026, inauguraron la d\u00e9cima edici\u00f3n de este colorido evento que se realiza sobre Masaryk, Parque Lincoln y Parque Am\u00e9rica, donde se espera la asistencia de 500 mil personas desde este jueves 30 de abril al 4 de mayo.<\/p>\n<p>Tabe reconoci\u00f3 el talento de participantes y organizadores de este evento tan impactante que ocurre en el espacio p\u00fablico y que es un proyecto de quienes creen en la naturaleza, en el dise\u00f1o y sobre todo, de hacer comunidad.<\/p>\n<p>Indic\u00f3 que el FYJA no recibe un s\u00f3lo peso del dinero p\u00fablico, demostrando que los cambios los hace la gente.<\/p>\n<p>\u00abHoy Miguel Hidalgo vuelve a florecer y se convierte una vez m\u00e1s en el jard\u00edn m\u00e1s hermoso de toda la Ciudad de M\u00e9xico y es gracias a este esfuerzo de FYJA 2026\u00bb.<\/p>\n<p>Desde la Galer\u00eda Torre del Reloj, ubicada en el Parque Lincoln, el alcalde de Miguel Hidalgo, manifest\u00f3 su orgullo por encabezar a una gran comunidad.<\/p>\n<p>\u00abYo digo que Miguel Hidalgo es lo mejor de la Ciudad y es lo mejor de la Ciudad, gracias a su gente, a nuestras vecinas y vecinos que luchan todos los d\u00edas porque nuestras colonias, nuestros parques nuestras calles mejoren y vecinas como las que hoy representan FYJA que le dan vida de una manera extraordinaria y hacen que luzcan estos espacios p\u00fablicos\u00bb, indic\u00f3.<\/p>\n<p>Mencion\u00f3 que este festival demuestra que cuando la sociedad civil, los artistas, los empresarios y el gobierno trabajan juntos, los espacios p\u00fablicos se convierten en una experiencia extraordinaria, al darle color a las calles con una combinaci\u00f3n creativa de dise\u00f1o, cambiando la experiencia en las calles.<\/p>\n<p>\u00abVean el cambio que se vive a lo largo de estos d\u00edas, y tiene una gran tem\u00e1tica este Festival de las Flores 2026, que es M\u00e9xico, que debe ser una palabra de encuentro y de uni\u00f3n entre quienes somos hermanos, entre quienes compartimos una cultura, no de divisi\u00f3n, sino de trabajo en equipo\u00bb, precis\u00f3.<\/p>\n<p>Tabe invit\u00f3 a vecinos y capitalinos a recorrer Masaryk y las calles de Polanco que se convierten en un corredor tur\u00edstico y disfrutar las 109 estructuras colocadas en negocios y fachadas de hoteles y restaurantes, donde est\u00e1 garantizada la limpieza y el orden.<\/p>\n<p>Por su parte, Patricia El\u00edas Calles, organizadora del FYJA, indic\u00f3 que el festival es resultado de un esfuerzo colectivo y de un trabajo que inici\u00f3 hace meses, sumando voluntades y que hoy se convierte en un regalo para la Ciudad.<\/p>\n<p>\u00abCada a\u00f1o nos sorprenden y no necesariamente con un retorno econ\u00f3mico, sino por algo mucho m\u00e1s valioso, embellecer la Ciudad, activar el espacio p\u00fablico y construir comunidad, gracias de verdad a todos los paisajistas, floristas,dise\u00f1adores, arquitectos, artesanos y equipos de montaje\u00bb, dijo.<\/p>\n<p>Finalmente, informaron que Masaryk ser\u00e1 peatonal el s\u00e1bado 2 y el domingo 3 de mayo, por lo que estar\u00e1 cerrada al flujo vehicular, por lo que la recomendaci\u00f3n es acudir en transporte p\u00fablico.<\/p>\n","protected":false},"excerpt":{"rendered":"<p>Hoy Miguel Hidalgo vuelve a florecer y se convierte una vez m\u00e1s en el jard\u00edn m\u00e1s hermoso de toda la Ciudad de M\u00e9xico\u00bb, afirm\u00f3 el alcalde de MH Mauricio Tabe.  FOTO: Especial<\/p>\n","protected":false},"author":1,"featured_media":193093,"comment_status":"open","ping_status":"closed","sticky":false,"template":"","format":"standard","meta":{"footnotes":""},"categories":[54],"tags":[85,2028,139,55],"class_list":["post-193091","post","type-post","status-publish","format-standard","has-post-thumbnail","hentry","category-miguel-hidalgo","tag-cdmx","tag-festival-de-las-flores-y-jardines-2026","tag-mauricio-tabe","tag-miguel-hidalgo"],"amp_enabled":true,"_links":{"self":[{"href":"https:\/\/reportegam.com\/index.php\/wp-json\/wp\/v2\/posts\/193091","targetHints":{"allow":["GET"]}}],"collection":[{"href":"https:\/\/reportegam.com\/index.php\/wp-json\/wp\/v2\/posts"}],"about":[{"href":"https:\/\/reportegam.com\/index.php\/wp-json\/wp\/v2\/types\/post"}],"author":[{"embeddable":true,"href":"https:\/\/reportegam.com\/index.php\/wp-json\/wp\/v2\/users\/1"}],"replies":[{"embeddable":true,"href":"https:\/\/reportegam.com\/index.php\/wp-json\/wp\/v2\/comments?post=193091"}],"version-history":[{"count":1,"href":"https:\/\/reportegam.com\/index.php\/wp-json\/wp\/v2\/posts\/193091\/revisions"}],"predecessor-version":[{"id":193092,"href":"https:\/\/reportegam.com\/index.php\/wp-json\/wp\/v2\/posts\/193091\/revisions\/193092"}],"wp:featuredmedia":[{"embeddable":true,"href":"https:\/\/reportegam.com\/index.php\/wp-json\/wp\/v2\/media\/193093"}],"wp:attachment":[{"href":"https:\/\/reportegam.com\/index.php\/wp-json\/wp\/v2\/media?parent=193091"}],"wp:term":[{"taxonomy":"category","embeddable":true,"href":"https:\/\/reportegam.com\/index.php\/wp-json\/wp\/v2\/categories?post=193091"},{"taxonomy":"post_tag","embeddable":true,"href":"https:\/\/reportegam.com\/index.php\/wp-json\/wp\/v2\/tags?post=193091"}],"curies":[{"name":"wp","href":"https:\/\/api.w.org\/{rel}","templated":true}]}}