{"id":193069,"date":"2026-04-29T22:08:32","date_gmt":"2026-04-30T04:08:32","guid":{"rendered":"https:\/\/reportegam.com\/?p=193069"},"modified":"2026-04-30T04:08:35","modified_gmt":"2026-04-30T04:08:35","slug":"en-morena-ya-ven-perdida-la-miguel-hidalgo","status":"publish","type":"post","link":"https:\/\/reportegam.com\/index.php\/2026\/04\/29\/en-morena-ya-ven-perdida-la-miguel-hidalgo\/","title":{"rendered":"En Morena ya ven perdida la Miguel Hidalgo"},"content":{"rendered":"<h2 style=\"text-align: center;\">Glorieta de Col\u00f3n<\/h2>\n<hr \/>\n<p>Con la llegada de Citlalli Hern\u00e1ndez a la presidencia de la Comisi\u00f3n Nacional de Elecciones de Morena, por ser cercana a ella, se comenta que la diputada local Cecilia Vadillo ahora tiene m\u00e1s posibilidades de ser la candidata a la Alcald\u00eda Miguel Hidalgo. Una y otra vez ella dice que no quiere. Otros militantes del partido tampoco quieren, porque ven perdida esa Alcald\u00eda. Hoy puede decirse que esa demarcaci\u00f3n de facto ya es otro basti\u00f3n panista en la capital del pa\u00eds, en gran medida por los buenos resultados en materia de seguridad. Cuando Mauricio Tabe lleg\u00f3 a gobernar esa demarcaci\u00f3n, en 2021, el 75% de la gente dec\u00eda sentirse insegura, seg\u00fan la Encuesta Nacional de Seguridad P\u00fablica Urbana (ENSU) del INEGI. Actualmente el 36% de los ciudadanos de Miguel Hidalgo manifiesta ese sentir. En general las mejor evaluadas son las Alcald\u00edas de oposici\u00f3n, con los niveles m\u00e1s bajos de percepci\u00f3n de inseguridad: Benito Ju\u00e1rez, 16.4%; Coyoac\u00e1n, 44.6%; Cuajimalpa, 47.1% y Cuauht\u00e9moc, 53.2%.<\/p>\n<p>&nbsp;<\/p>\n<p><strong>La despedida a D\u00edaz Polanco<\/strong><\/p>\n<p>La noche de este mi\u00e9rcoles, hasta la sede de Morena en la Ciudad de M\u00e9xico fueron convocados dirigentes del partido y legisladores de otras entidades federativas, para una reuni\u00f3n ya programada, pero que de emergencia utilizaron para la estrategia de contenci\u00f3n de da\u00f1os ante las solicitudes de detenci\u00f3n provisional con fines de extradici\u00f3n del gobernador de Sinaloa Rub\u00e9n Rocha y funcionarios y ex funcionarios de la entidad. Lo programado era la despedida de H\u00e9ctor D\u00edaz Polanco de la dirigencia del partido, porque ser\u00e1 relevado en unos d\u00edas, despu\u00e9s de que Ariadna Montiel asuma a nivel nacional. El mensaje que transmitieron a los convocados es que se le brindara un gran reconocimiento a D\u00edaz Polanco y ning\u00fan escarnio por su salida.<\/p>\n<p>&nbsp;<\/p>\n<p><strong>Paulo y Ch\u00edguil<\/strong><\/p>\n<p>A prop\u00f3sito del cambio en la dirigencia de Morena en la capital, crecen los momios a favor del diputado local y vocero de la bancada de Morena, Paulo Garc\u00eda, quien forma parte del grupo de Sebasti\u00e1n Ram\u00edrez, ex vocero de Claudia Sheinbaum en el GCDMX y presidente del partido entre 2023 y 2024, por lo que se les ubica del lado de la mandataria federal, aunque varios de ese grupo digan que se coordinan muy bien y trabajan muy bien con la jefa de Gobierno, Clara Brugada. No se descarta que repitan un esquema como en el nacional, con una Coordinaci\u00f3n de Elecciones, y un nombre que empieza a sonar fuerte para ocuparla es el senador Francisco Ch\u00edguil, muy cercano a Brugada y con enorme experiencia y conocimiento pol\u00edtico en la capital del pa\u00eds.<\/p>\n<p>&nbsp;<\/p>\n<p>FOTO: Especial<\/p>\n","protected":false},"excerpt":{"rendered":"<p>Tal parece que en Morena nadie quiere la candidatura a la Alcald\u00eda Miguel Hidalgo, seguramente porque la ven perdida.  FOTO: Especial<\/p>\n","protected":false},"author":1,"featured_media":193071,"comment_status":"open","ping_status":"closed","sticky":false,"template":"","format":"standard","meta":{"footnotes":""},"categories":[31],"tags":[1963,88,2012,1197,657,173,331,55,74,1146,57,1306],"class_list":["post-193069","post","type-post","status-publish","format-standard","has-post-thumbnail","hentry","category-glorieta-de-colon","tag-ariadna-montiel","tag-brugada","tag-chiguil","tag-diaz-polanco","tag-ensu","tag-inegi","tag-inseguridad","tag-miguel-hidalgo","tag-morena","tag-paulo-garcia","tag-tabe","tag-vadillo"],"amp_enabled":true,"_links":{"self":[{"href":"https:\/\/reportegam.com\/index.php\/wp-json\/wp\/v2\/posts\/193069","targetHints":{"allow":["GET"]}}],"collection":[{"href":"https:\/\/reportegam.com\/index.php\/wp-json\/wp\/v2\/posts"}],"about":[{"href":"https:\/\/reportegam.com\/index.php\/wp-json\/wp\/v2\/types\/post"}],"author":[{"embeddable":true,"href":"https:\/\/reportegam.com\/index.php\/wp-json\/wp\/v2\/users\/1"}],"replies":[{"embeddable":true,"href":"https:\/\/reportegam.com\/index.php\/wp-json\/wp\/v2\/comments?post=193069"}],"version-history":[{"count":1,"href":"https:\/\/reportegam.com\/index.php\/wp-json\/wp\/v2\/posts\/193069\/revisions"}],"predecessor-version":[{"id":193070,"href":"https:\/\/reportegam.com\/index.php\/wp-json\/wp\/v2\/posts\/193069\/revisions\/193070"}],"wp:featuredmedia":[{"embeddable":true,"href":"https:\/\/reportegam.com\/index.php\/wp-json\/wp\/v2\/media\/193071"}],"wp:attachment":[{"href":"https:\/\/reportegam.com\/index.php\/wp-json\/wp\/v2\/media?parent=193069"}],"wp:term":[{"taxonomy":"category","embeddable":true,"href":"https:\/\/reportegam.com\/index.php\/wp-json\/wp\/v2\/categories?post=193069"},{"taxonomy":"post_tag","embeddable":true,"href":"https:\/\/reportegam.com\/index.php\/wp-json\/wp\/v2\/tags?post=193069"}],"curies":[{"name":"wp","href":"https:\/\/api.w.org\/{rel}","templated":true}]}}