{"id":193050,"date":"2026-04-26T21:58:39","date_gmt":"2026-04-27T03:58:39","guid":{"rendered":"https:\/\/reportegam.com\/?p=193050"},"modified":"2026-04-27T03:58:46","modified_gmt":"2026-04-27T03:58:46","slug":"salpican-en-la-chilanguera-a-rosa-icela","status":"publish","type":"post","link":"https:\/\/reportegam.com\/index.php\/2026\/04\/26\/salpican-en-la-chilanguera-a-rosa-icela\/","title":{"rendered":"Salpican en &#8216;La Chilanguera&#8217; a Rosa Icela"},"content":{"rendered":"<h2 style=\"text-align: center;\">Glorieta de Col\u00f3n<\/h2>\n<hr \/>\n<p>Una de dos: en <em>La Chilanguera<\/em> quisieron salpicar de manera deliberada a la secretaria de Gobernaci\u00f3n, Rosa Icela Rodr\u00edguez, o de plano ya pueden ah\u00ed decir cualquier cosa. Resulta que este domingo, el diputado de Morena, Emilio Guijosa, presidente de la Comisi\u00f3n de Vivienda, dijo que la reforma de rentas justas que plantearon desde el Gobierno capitalino es necesaria por el problema que se gener\u00f3 de 2012 a 2018, durante la gesti\u00f3n de Miguel Mancera y Jos\u00e9 Ram\u00f3n Amieva, porque \u201cse abandon\u00f3 la pol\u00edtica p\u00fablica de vivienda, se dej\u00f3 de comprar suelo y de construir\u201d. O sea, es corresponsable Rosa Icela Rodr\u00edguez, porque en esa l\u00f3gica ella no hizo nada, a pesar de que fue la secretaria de Desarrollo Social de Mancera, de 2012 a 2015, y luego titular de la Secretar\u00eda de Desarrollo Rural y Equidad para las Comunidades (2015\u20132018). De pasadita, salpic\u00f3 a Amieva, jefe de Gobierno en 2018, hoy presidente del Tribunal Federal de Justicia Fiscal y Administrativa, cargo al que lleg\u00f3 al ser propuesto por la presidenta Claudia Sheinbaum. La realidad es que Guijosa orient\u00f3 su juicio contra Mancera. En realidad, la pol\u00edtica de vivienda social se perdi\u00f3 desde el Bando 2 de L\u00f3pez Obrador en 2001, y el desarrollo de casas habitaci\u00f3n se dej\u00f3 en manos de los c\u00e1rteles inmobiliarios y especuladores, de todos colores y sabores. Por cierto, su padre, H\u00e9ctor Guijosa fue jefe delegacional en La Magdalena Contreras de 2006 a 2009, cuando Marcelo Ebrard era jefe de Gobierno \u2013hoy es secretario de Econom\u00eda federal\u2013, y por sus pr\u00e1cticas con los desarrolladores inmobiliarios le apodaban <em>Mr. Penthouse<\/em>.<\/p>\n<p>&nbsp;<\/p>\n<p><strong>Rubalcava, actos anticipados<\/strong><\/p>\n<p>Otra vez el director del Metro, Adri\u00e1n Rubalcava, andaba en actos anticipados de campa\u00f1a el s\u00e1bado, en Cuajimalpa, bailando feliz, mientras en la estaci\u00f3n Constituci\u00f3n de 1917 balearon a un polic\u00eda. Sin embargo, ahora hay una buena y una mala. La mala: Todav\u00eda no hay fecha para el relevo de Adri\u00e1n Rubalcava como director general del Metro, cargo que se ve le interesa s\u00f3lo para utilizarlo como catapulta para ver si milagrosamente se convierte en candidato de Morena a la Alcald\u00eda de Cuajimalpa, demarcaci\u00f3n que cree est\u00e1 escriturada a su nombre. La buena: si de verdad aspira a ese cargo, tendr\u00e1 que renunciar en junio, porque en la convocatoria que emitir\u00e1 pronto Morena, quienes busquen una candidatura, deber\u00e1n separarse de su cargo p\u00fablico actual a m\u00e1s tardar en junio.<\/p>\n<p><a href=\"https:\/\/www.facebook.com\/share\/v\/18Rwt7yaQs\/?mibextid=wwXIfr\" target=\"_blank\" rel=\"noopener\"><span style=\"color: #0000ff;\"><strong>https:\/\/www.facebook.com\/share\/v\/18Rwt7yaQs\/?mibextid=wwXIfr<\/strong><\/span><\/a><\/p>\n<p>&nbsp;<\/p>\n<p>&nbsp;<\/p>\n","protected":false},"excerpt":{"rendered":"<p>Una de dos: en La Chilanguera quisieron salpicar de manera deliberada a la secretaria de Gobernaci\u00f3n, Rosa Icela Rodr\u00edguez, o de plano ya pueden ah\u00ed decir cualquier cosa.  FOTOS: Especial<\/p>\n","protected":false},"author":1,"featured_media":193052,"comment_status":"open","ping_status":"closed","sticky":false,"template":"","format":"standard","meta":{"footnotes":""},"categories":[31],"tags":[1993,85,141,341,39,1992,68,1555,810,190,74,1186,702,762],"class_list":["post-193050","post","type-post","status-publish","format-standard","has-post-thumbnail","hentry","category-glorieta-de-colon","tag-campana-anticipada","tag-cdmx","tag-chilanguera","tag-cuajimalpa","tag-ebrard","tag-guijosa","tag-la-magdalena-contreras","tag-lopez-obrador","tag-mancera","tag-metro","tag-morena","tag-rosa-icela-rodriguez","tag-rubalcava","tag-vivienda"],"amp_enabled":true,"_links":{"self":[{"href":"https:\/\/reportegam.com\/index.php\/wp-json\/wp\/v2\/posts\/193050","targetHints":{"allow":["GET"]}}],"collection":[{"href":"https:\/\/reportegam.com\/index.php\/wp-json\/wp\/v2\/posts"}],"about":[{"href":"https:\/\/reportegam.com\/index.php\/wp-json\/wp\/v2\/types\/post"}],"author":[{"embeddable":true,"href":"https:\/\/reportegam.com\/index.php\/wp-json\/wp\/v2\/users\/1"}],"replies":[{"embeddable":true,"href":"https:\/\/reportegam.com\/index.php\/wp-json\/wp\/v2\/comments?post=193050"}],"version-history":[{"count":1,"href":"https:\/\/reportegam.com\/index.php\/wp-json\/wp\/v2\/posts\/193050\/revisions"}],"predecessor-version":[{"id":193051,"href":"https:\/\/reportegam.com\/index.php\/wp-json\/wp\/v2\/posts\/193050\/revisions\/193051"}],"wp:featuredmedia":[{"embeddable":true,"href":"https:\/\/reportegam.com\/index.php\/wp-json\/wp\/v2\/media\/193052"}],"wp:attachment":[{"href":"https:\/\/reportegam.com\/index.php\/wp-json\/wp\/v2\/media?parent=193050"}],"wp:term":[{"taxonomy":"category","embeddable":true,"href":"https:\/\/reportegam.com\/index.php\/wp-json\/wp\/v2\/categories?post=193050"},{"taxonomy":"post_tag","embeddable":true,"href":"https:\/\/reportegam.com\/index.php\/wp-json\/wp\/v2\/tags?post=193050"}],"curies":[{"name":"wp","href":"https:\/\/api.w.org\/{rel}","templated":true}]}}