{"id":193047,"date":"2026-04-25T20:50:46","date_gmt":"2026-04-26T02:50:46","guid":{"rendered":"https:\/\/reportegam.com\/?p=193047"},"modified":"2026-04-26T03:53:26","modified_gmt":"2026-04-26T03:53:26","slug":"pt-propone-reconocer-derecho-a-la-sombra-en-la-constitucion","status":"publish","type":"post","link":"https:\/\/reportegam.com\/index.php\/2026\/04\/25\/pt-propone-reconocer-derecho-a-la-sombra-en-la-constitucion\/","title":{"rendered":"PT propone reconocer derecho a la sombra en la Constituci\u00f3n"},"content":{"rendered":"<h4>CDMX MAGAC\u00cdN<\/h4>\n<hr \/>\n<p>Debido a que el aumento de la temperatura de hasta 4 grados Celsius en diversas zonas de la Ciudad de M\u00e9xico y la exposici\u00f3n prolongada al sol pueden ocasionar graves da\u00f1os a la salud, el diputado Ernesto Villarreal Cant\u00fa present\u00f3 una iniciativa ante el Congreso capitalino para que se reconozca constitucionalmente el derecho \u201ca la sombra\u201d.<\/p>\n<p>En la Sesi\u00f3n Ordinaria del pasado jueves, el Coordinador del Grupo Parlamentario del Partido del Trabajo (PT) propuso adicionar un Apartado G al Art\u00edculo 13 de la Carta Magna local en ese sentido.<\/p>\n<p>Desde la tribuna, explic\u00f3 que debido a que el incremento registrado en la temperatura est\u00e1 por encima del promedio hist\u00f3rico, es prioritario que la sombra ya no se considere s\u00f3lo como un elemento ornamental. \u201cDebe ser reconocida como lo que es: infraestructura b\u00e1sica para la vida urbana\u201d, subray\u00f3.<\/p>\n<p>Precis\u00f3 que la crisis clim\u00e1tica, en particular el calor extremo, no impacta de la misma forma a todos los habitantes, pues quienes viven en zonas de altos ingresos gozan de muchas \u00e1reas verdes y arboladas, lo que las hace m\u00e1s frescas, mientras que en las colonias populares se carece de \u00e9stas.<\/p>\n<p>\u201cEl calor no nos afecta a todos por igual. Hoy en la Ciudad de M\u00e9xico el acceso a la sombra se ha convertido en un privilegio territorial (\u2026). Por eso, esta iniciativa propone reconocer en nuestra Constituci\u00f3n local el derecho a la sombra, a la protecci\u00f3n t\u00e9rmica urbana y a la justicia clim\u00e1tica\u201d, puntualiz\u00f3.<\/p>\n<p>En ese contexto, se\u00f1al\u00f3 que millones de personas que dependen del transporte p\u00fablico y se ven obligadas a caminar diariamente por las calles, son m\u00e1s susceptibles a sufrir riesgos en su salud a consecuencia de la falta de protecci\u00f3n t\u00e9rmica.<\/p>\n<p>\u201cLa exposici\u00f3n prolongada al sol genera estr\u00e9s t\u00e9rmico, deshidrataci\u00f3n y agrava enfermedades cardiovasculares, afectando principalmente a nuestras ni\u00f1as y ni\u00f1os, y personas adultas mayores. No son suposiciones. Especialistas de la UNAM advierten que ya registramos incrementos de hasta cuatro grados Celsius, por encima del promedio hist\u00f3rico, en diversas zonas\u201d, enfatiz\u00f3.<\/p>\n<p>Villarreal Cant\u00fa indic\u00f3 que el objetivo de su propuesta es que las autoridades adopten medidas progresivas para ampliar la cobertura vegetal e infraestructura de sombra, priorizando las zonas con mayor vulnerabilidad clim\u00e1tica y carencia hist\u00f3rica de \u00e1reas verdes.<\/p>\n<p>\u201cNo proponemos plantar \u00e1rboles de forma indiscriminada. Hablamos de un dise\u00f1o urbano resiliente: corredores verdes y calles arboladas; paraderos de transporte protegidos y banquetas habitables, y uso de vegetaci\u00f3n nativa\u201d, recalc\u00f3.<\/p>\n<p>Al respecto, puso como ejemplo a la ciudad de Phoenix, en Estados Unidos, donde se exigen porcentajes m\u00ednimos de sombra en espacios p\u00fablicos para combatir las olas de calor.<\/p>\n<p>A\u00f1adi\u00f3 que en el caso de Ciudad Ju\u00e1rez y El Paso, organizaciones sociales y acad\u00e9micas han impulsado el reconocimiento de la sombra como un derecho emergente vinculado a la salud, equidad urbana y participaci\u00f3n comunitaria para identificar zonas prioritarias.<\/p>\n<p>\u201cLa Ciudad de M\u00e9xico tiene la capacidad institucional para liderar este cambio en el pa\u00eds. Reconocer este derecho no es una carga imposible. Es establecer un principio rector para orientar la inversi\u00f3n p\u00fablica hacia donde m\u00e1s se necesita: escuelas, hospitales, mercados y paraderos\u201d, recalc\u00f3.<\/p>\n<p>Al finalizar su intervenci\u00f3n, la Mesa Directiva del Congreso capitalino dio a conocer que esta iniciativa ser\u00eda turnada a las Comisiones Unidas de Puntos Constitucionales e Iniciativas Ciudadanas y la de Administraci\u00f3n P\u00fablica Local, para su an\u00e1lisis y dictaminaci\u00f3n.<\/p>\n<p>&nbsp;<\/p>\n","protected":false},"excerpt":{"rendered":"<p>En ese contexto, se\u00f1al\u00f3 que millones de personas que dependen del transporte p\u00fablico y se ven obligadas a caminar diariamente por las calles, son m\u00e1s susceptibles a sufrir riesgos en su salud a consecuencia de la falta de protecci\u00f3n t\u00e9rmica.  FOTO: Especial<\/p>\n","protected":false},"author":1,"featured_media":193049,"comment_status":"open","ping_status":"closed","sticky":false,"template":"","format":"standard","meta":{"footnotes":""},"categories":[23],"tags":[47,1991,1211,709],"class_list":["post-193047","post","type-post","status-publish","format-standard","has-post-thumbnail","hentry","category-congreso-cdmx","tag-constitucion","tag-derecho-a-la-sombra","tag-ernesto-villarreal","tag-pt"],"amp_enabled":true,"_links":{"self":[{"href":"https:\/\/reportegam.com\/index.php\/wp-json\/wp\/v2\/posts\/193047","targetHints":{"allow":["GET"]}}],"collection":[{"href":"https:\/\/reportegam.com\/index.php\/wp-json\/wp\/v2\/posts"}],"about":[{"href":"https:\/\/reportegam.com\/index.php\/wp-json\/wp\/v2\/types\/post"}],"author":[{"embeddable":true,"href":"https:\/\/reportegam.com\/index.php\/wp-json\/wp\/v2\/users\/1"}],"replies":[{"embeddable":true,"href":"https:\/\/reportegam.com\/index.php\/wp-json\/wp\/v2\/comments?post=193047"}],"version-history":[{"count":1,"href":"https:\/\/reportegam.com\/index.php\/wp-json\/wp\/v2\/posts\/193047\/revisions"}],"predecessor-version":[{"id":193048,"href":"https:\/\/reportegam.com\/index.php\/wp-json\/wp\/v2\/posts\/193047\/revisions\/193048"}],"wp:featuredmedia":[{"embeddable":true,"href":"https:\/\/reportegam.com\/index.php\/wp-json\/wp\/v2\/media\/193049"}],"wp:attachment":[{"href":"https:\/\/reportegam.com\/index.php\/wp-json\/wp\/v2\/media?parent=193047"}],"wp:term":[{"taxonomy":"category","embeddable":true,"href":"https:\/\/reportegam.com\/index.php\/wp-json\/wp\/v2\/categories?post=193047"},{"taxonomy":"post_tag","embeddable":true,"href":"https:\/\/reportegam.com\/index.php\/wp-json\/wp\/v2\/tags?post=193047"}],"curies":[{"name":"wp","href":"https:\/\/api.w.org\/{rel}","templated":true}]}}