{"id":192667,"date":"2026-03-15T17:53:08","date_gmt":"2026-03-15T23:53:08","guid":{"rendered":"https:\/\/reportegam.com\/?p=192667"},"modified":"2026-03-16T02:57:22","modified_gmt":"2026-03-16T02:57:22","slug":"impulsan-biciestacionamientos-en-edificios-publicos","status":"publish","type":"post","link":"https:\/\/reportegam.com\/index.php\/2026\/03\/15\/impulsan-biciestacionamientos-en-edificios-publicos\/","title":{"rendered":"Impulsan biciestacionamientos en edificios p\u00fablicos"},"content":{"rendered":"<h3 style=\"text-align: center;\"><em><strong>De aprobarse una iniciativa, el Gobierno CDMX y las 16 alcald\u00edas tendr\u00edan que contar con lugares especiales para bicicletas y veh\u00edculos no motorizados.<\/strong><\/em><\/h3>\n<hr \/>\n<h4>CDMX Magac\u00edn<\/h4>\n<hr \/>\n<p>Los edificios p\u00fablicos del Gobierno de la Ciudad de M\u00e9xico y de las 16 alcald\u00edas, as\u00ed como los establecimientos mercantiles, deber\u00edan contar con lugares de estacionamientos especiales para las bicicletas y otros veh\u00edculos no motorizados, plante\u00f3 la diputada Paula Alejandra P\u00e9rez C\u00f3rdova.<\/p>\n<p>La legisladora del Partido Verde Ecologista de M\u00e9xico (PVEM) present\u00f3 ante el Congreso local una iniciativa de reformas a diversas disposiciones de las leyes de Movilidad y de Establecimientos Mercantiles, ambas capitalinas, en materia de fomento de uso de estos transportes alternativos.<\/p>\n<p>Desde la tribuna, el pasado martes, afirm\u00f3 que la bicicleta y los veh\u00edculos no motorizados se han convertido en una alternativa vial para miles de personas, ya que son medios de transporte econ\u00f3micos, limpios, pr\u00e1cticos y \u00fatiles para la vida diaria.<\/p>\n<p>\u201cSirven para ir al trabajo, a la escuela, al mercado, a una consulta m\u00e9dica o para conectar con el transporte p\u00fablico. Aqu\u00ed est\u00e1 el problema de fondo: muchas personas s\u00ed quieren usar la bicicleta, pero no tienen donde dejarla de forma segura (\u2026). El obst\u00e1culo es que al llegar a un edificio p\u00fablico o a un comercio, no existe un espacio destinado y adecuado para resguardar la bicicleta\u201d, lament\u00f3.<\/p>\n<p>En ese contexto, la ecologista hizo un llamado a mejorar la infraestructura de movilidad en la capital del pa\u00eds, en particular la instalaci\u00f3n de biciestacionamientos, lo que permitir\u00e1 alentar el uso de este tipo de veh\u00edculos no motorizados.<\/p>\n<p>\u201cBuscamos que tanto los edificios p\u00fablicos del Gobierno de la Ciudad y de las alcald\u00edas cuenten con espacios adecuados para estacionar bicicletas y otros veh\u00edculos no motorizados, y que los establecimientos mercantiles que ya est\u00e1n obligados a tener cajones de estacionamientos para autos, tambi\u00e9n destinen espacios para el transporte alternativo\u201d, se\u00f1al\u00f3.<\/p>\n<p>P\u00e9rez C\u00f3rdova consider\u00f3 que en esta metr\u00f3poli persisten retos importantes en materia de movilidad y que deben resolverse para el bienestar de la ciudadan\u00eda, como el alto congestionamiento vial; las contingencias ambientales y los largos\u00a0traslados. De ah\u00ed la urgencia de impulsar alternativas de transporte m\u00e1s sustentable, insisti\u00f3.<\/p>\n<p>La representante popular explic\u00f3 que su iniciativa incorpora criterios de dise\u00f1o universal y accesibilidad para los veh\u00edculos no motorizados, con el objetivo de avanzar hacia una ciudad m\u00e1s incluyente y sustentable. Esto para respetar las banquetas y no afectar el espacio destinado a los peatones.<\/p>\n<p>Al concluir su intervenci\u00f3n, la Mesa Directiva inform\u00f3 que la iniciativa ser\u00eda turnada, para su an\u00e1lisis y dictaminaci\u00f3n, a las Comisiones Unidas de Movilidad Sustentable y Seguridad Vial y La de Administraci\u00f3n P\u00fablica Local.<\/p>\n","protected":false},"excerpt":{"rendered":"<p>Los edificios p\u00fablicos del Gobierno de la Ciudad de M\u00e9xico y de las 16 alcald\u00edas, as\u00ed como los establecimientos mercantiles, deber\u00edan contar con lugares de estacionamientos especiales para las bicicletas y otros veh\u00edculos no motorizados, plante\u00f3 la diputada Paula Alejandra P\u00e9rez C\u00f3rdova.  FOTO: X @biciamigable<\/p>\n","protected":false},"author":1,"featured_media":192669,"comment_status":"open","ping_status":"closed","sticky":false,"template":"","format":"standard","meta":{"footnotes":""},"categories":[23],"tags":[1656,1657],"class_list":["post-192667","post","type-post","status-publish","format-standard","has-post-thumbnail","hentry","category-congreso-cdmx","tag-biciestacionamientos","tag-edificios-publicos"],"amp_enabled":true,"_links":{"self":[{"href":"https:\/\/reportegam.com\/index.php\/wp-json\/wp\/v2\/posts\/192667","targetHints":{"allow":["GET"]}}],"collection":[{"href":"https:\/\/reportegam.com\/index.php\/wp-json\/wp\/v2\/posts"}],"about":[{"href":"https:\/\/reportegam.com\/index.php\/wp-json\/wp\/v2\/types\/post"}],"author":[{"embeddable":true,"href":"https:\/\/reportegam.com\/index.php\/wp-json\/wp\/v2\/users\/1"}],"replies":[{"embeddable":true,"href":"https:\/\/reportegam.com\/index.php\/wp-json\/wp\/v2\/comments?post=192667"}],"version-history":[{"count":1,"href":"https:\/\/reportegam.com\/index.php\/wp-json\/wp\/v2\/posts\/192667\/revisions"}],"predecessor-version":[{"id":192668,"href":"https:\/\/reportegam.com\/index.php\/wp-json\/wp\/v2\/posts\/192667\/revisions\/192668"}],"wp:featuredmedia":[{"embeddable":true,"href":"https:\/\/reportegam.com\/index.php\/wp-json\/wp\/v2\/media\/192669"}],"wp:attachment":[{"href":"https:\/\/reportegam.com\/index.php\/wp-json\/wp\/v2\/media?parent=192667"}],"wp:term":[{"taxonomy":"category","embeddable":true,"href":"https:\/\/reportegam.com\/index.php\/wp-json\/wp\/v2\/categories?post=192667"},{"taxonomy":"post_tag","embeddable":true,"href":"https:\/\/reportegam.com\/index.php\/wp-json\/wp\/v2\/tags?post=192667"}],"curies":[{"name":"wp","href":"https:\/\/api.w.org\/{rel}","templated":true}]}}