{"id":192659,"date":"2026-03-14T18:56:20","date_gmt":"2026-03-15T00:56:20","guid":{"rendered":"https:\/\/reportegam.com\/?p=192659"},"modified":"2026-03-15T04:08:44","modified_gmt":"2026-03-15T04:08:44","slug":"proponen-etiquetado-para-separar-residuos","status":"publish","type":"post","link":"https:\/\/reportegam.com\/index.php\/2026\/03\/14\/proponen-etiquetado-para-separar-residuos\/","title":{"rendered":"Proponen etiquetado para separar residuos"},"content":{"rendered":"<h3 style=\"text-align: center;\"><em><strong>Alimentos, bebidas y productos envasados deber\u00e1n incluir la categor\u00eda de desechos a la que pertenecen sus envases o empaques.<\/strong><\/em><\/h3>\n<hr \/>\n<h4>CDMX Magac\u00edn<\/h4>\n<hr \/>\n<p>Para facilitar a la poblaci\u00f3n la correcta separaci\u00f3n, clasificaci\u00f3n y disposici\u00f3n final de los residuos, la diputada Claudia Neli Morales Cervantes propuso que las etiquetas de alimentos, bebidas y productos envasados incluyan informaci\u00f3n clara y visible que especifique la categor\u00eda de desechos a la que pertenecen sus envases o empaques.<\/p>\n<p>En la Sesi\u00f3n Ordinaria del Congreso de la Ciudad de M\u00e9xico, del jueves pasado, precis\u00f3 que su iniciativa pretende reformar el Art\u00edculo 7 de la Ley General para la Prevenci\u00f3n y Gesti\u00f3n Integral de los Residuos, en materia de identificaci\u00f3n de materiales y uso de s\u00edmbolos para la correcta disposici\u00f3n final de envases de pl\u00e1stico, que de ser aprobada ser\u00eda enviada al Congreso de la Uni\u00f3n.<\/p>\n<p>\u201cPresento esta iniciativa que parte de una verdad evidente: no podemos mejorar la gesti\u00f3n de los residuos si la ciudadan\u00eda no cuenta con informaci\u00f3n clara para separarlos correctamente. La realidad es contundente, la Ciudad de M\u00e9xico genera m\u00e1s de 12 mil 400 toneladas de residuos s\u00f3lidos cada d\u00eda\u201d, indic\u00f3.<\/p>\n<p>La legisladora del Partido Verde Ecologista de M\u00e9xico (PVEM) precis\u00f3 que una parte de los desechos proviene de los hogares y terminan mezclados en tiraderos clandestinos, calles o coladeras, lo que genera problemas ambientales, sanitarios y econ\u00f3micos.<\/p>\n<p>\u201cEsta situaci\u00f3n tiene una causa estructural: la falta de informaci\u00f3n clara para las personas consumidoras sobre c\u00f3mo clasificar los residuos de los productos que adquiere\u201d, insisti\u00f3 Morales Cervantes.<\/p>\n<p>En ese contexto, aclar\u00f3 que su intenci\u00f3n no es complicar la disposici\u00f3n de los residuos, sino que la ciudadan\u00eda sepa bien c\u00f3mo separar los residuos. Ello, a\u00f1adi\u00f3, porque la gente carece de informaci\u00f3n suficiente para hacerlo de forma correcta, lo que deriva en que ni siquiera les interese separarlos.<\/p>\n<p>\u201cSi queremos una Ciudad de M\u00e9xico y un pa\u00eds m\u00e1s limpio, m\u00e1s ordenado y m\u00e1s sustentable, necesitamos algo muy b\u00e1sico: informaci\u00f3n clara para la ciudadan\u00eda, que cada producto nos diga de forma sencilla qu\u00e9 residuo genera y c\u00f3mo debemos separarlo\u201d, afirm\u00f3.<\/p>\n<p>La pevemista explic\u00f3 que su propuesta retoma experiencias exitosas como la de Francia, donde emplean sistemas de etiquetado ambiental, como el s\u00edmbolo Triman, que permite a las personas identificar r\u00e1pidamente c\u00f3mo disponer correctamente un producto despu\u00e9s de usarlo.<\/p>\n<p>Dicha iniciativa fue turnada por la Mesa Directiva del Congreso local, para an\u00e1lisis y dictamen, a la Comisi\u00f3n de Preservaci\u00f3n del Medio Ambiente, Cambio Clim\u00e1tico y Protecci\u00f3n Ecol\u00f3gica. Si se aprueba en el \u00f3rgano legislativo local ser\u00eda turnada al Congreso de la Uni\u00f3n.<\/p>\n","protected":false},"excerpt":{"rendered":"<p>Para facilitar a la poblaci\u00f3n la correcta separaci\u00f3n, clasificaci\u00f3n y disposici\u00f3n final de los residuos, la diputada Claudia Neli Morales Cervantes propuso que las etiquetas de alimentos, bebidas y productos envasados incluyan informaci\u00f3n clara y visible que especifique la categor\u00eda de desechos a la que pertenecen sus envases o empaques.  FOTO: Especial<\/p>\n","protected":false},"author":1,"featured_media":192661,"comment_status":"open","ping_status":"closed","sticky":false,"template":"","format":"standard","meta":{"footnotes":""},"categories":[23],"tags":[1653,1654,1651,1652,254,1655],"class_list":["post-192659","post","type-post","status-publish","format-standard","has-post-thumbnail","hentry","category-congreso-cdmx","tag-alimentos","tag-bebidas","tag-claudia-neil-morales-cervantes","tag-etiquetas","tag-pvem","tag-residuos"],"amp_enabled":true,"_links":{"self":[{"href":"https:\/\/reportegam.com\/index.php\/wp-json\/wp\/v2\/posts\/192659","targetHints":{"allow":["GET"]}}],"collection":[{"href":"https:\/\/reportegam.com\/index.php\/wp-json\/wp\/v2\/posts"}],"about":[{"href":"https:\/\/reportegam.com\/index.php\/wp-json\/wp\/v2\/types\/post"}],"author":[{"embeddable":true,"href":"https:\/\/reportegam.com\/index.php\/wp-json\/wp\/v2\/users\/1"}],"replies":[{"embeddable":true,"href":"https:\/\/reportegam.com\/index.php\/wp-json\/wp\/v2\/comments?post=192659"}],"version-history":[{"count":1,"href":"https:\/\/reportegam.com\/index.php\/wp-json\/wp\/v2\/posts\/192659\/revisions"}],"predecessor-version":[{"id":192660,"href":"https:\/\/reportegam.com\/index.php\/wp-json\/wp\/v2\/posts\/192659\/revisions\/192660"}],"wp:featuredmedia":[{"embeddable":true,"href":"https:\/\/reportegam.com\/index.php\/wp-json\/wp\/v2\/media\/192661"}],"wp:attachment":[{"href":"https:\/\/reportegam.com\/index.php\/wp-json\/wp\/v2\/media?parent=192659"}],"wp:term":[{"taxonomy":"category","embeddable":true,"href":"https:\/\/reportegam.com\/index.php\/wp-json\/wp\/v2\/categories?post=192659"},{"taxonomy":"post_tag","embeddable":true,"href":"https:\/\/reportegam.com\/index.php\/wp-json\/wp\/v2\/tags?post=192659"}],"curies":[{"name":"wp","href":"https:\/\/api.w.org\/{rel}","templated":true}]}}