{"id":192576,"date":"2026-03-06T06:40:32","date_gmt":"2026-03-06T12:40:32","guid":{"rendered":"https:\/\/reportegam.com\/?p=192576"},"modified":"2026-03-06T12:40:35","modified_gmt":"2026-03-06T12:40:35","slug":"casarin-en-ao-con-el-sello-de-la-trampa","status":"publish","type":"post","link":"https:\/\/reportegam.com\/index.php\/2026\/03\/06\/casarin-en-ao-con-el-sello-de-la-trampa\/","title":{"rendered":"Casar\u00edn en \u00c1O: con el sello de la trampa"},"content":{"rendered":"<h2 style=\"text-align: center;\">Magac\u00edn CDMX<\/h2>\n<hr \/>\n<h4>Alejandro Lelo de Larrea<\/h4>\n<hr \/>\n<p>El alcalde de \u00c1lvaro Obreg\u00f3n, Javier L\u00f3pez Casar\u00edn (Morena) no ha podido librarse del <em>pecado original<\/em> de haber ganado con trampa, pues la Sala Superior del Tribunal Electoral del Poder Judicial de la Federaci\u00f3n (TEPJF) resolvi\u00f3 en definitiva que rebas\u00f3 los topes de gasto de campa\u00f1a por m\u00e1s del 5%, lo que es ilegal y constituye un delito, de acuerdo con la Legislaci\u00f3n electoral, aunque nunca se la hayan aplicado.<\/p>\n<p>Con ese enorme d\u00e9ficit inici\u00f3 Casar\u00edn su administraci\u00f3n. Esa marca de la trampa y el enga\u00f1o al ciudadano parece ser el sello de lo que va de su administraci\u00f3n de 3 a\u00f1os para los cuales fue electo, aunque a partir del 1 de abril que transcurre la mitad de su gesti\u00f3n, podr\u00eda enfrentarse a un proceso de revocaci\u00f3n de mandato. Al menos eso lo prev\u00e9 la Constituci\u00f3n.<\/p>\n<p>La seguridad p\u00fablica es tal\u00f3n de Aquiles en \u00c1lvaro Obrag\u00f3n. Desde su llegada al gobierno aument\u00f3 20% el n\u00famero de personas que perciben inseguridad en la zona. De acuerdo con la Encuesta Nacional Sobre Inseguridad P\u00fablica Urbana (ENSU) elaborada por el INEGI, al corte de septiembre de 2024, el inicio de la gesti\u00f3n de Casar\u00edn, en esa Demarcaci\u00f3n Territorial el 50.3% de las personas manifestaron sentirse inseguras. Sin embargo, en la encuesta m\u00e1s reciente de esa misma serie que hace el INEGI de manera trimestral, ahora es el 61% el n\u00famero de personas que manifiestan sentirse inseguros ah\u00ed.<\/p>\n<p>Esto significa que, de las 618 mil personas mayores de 18 a\u00f1os (Padr\u00f3n Electoral), alrededor de 310 mil personas se sent\u00edan inseguras en septiembre 2024, y actualmente son unas 377 mil, es decir 67 mil m\u00e1s. Con esos datos, el panorama electoral para L\u00f3pez Casar\u00edn es nada halag\u00fce\u00f1o si quisiera reelegirse, porque gan\u00f3 con una diferencia de apenas 13 mil 500 votos. S\u00f3lo el tema de la inseguridad podr\u00eda ya haberle dado la vuelta al resultado potencial en 2027, elecci\u00f3n para la cual ya se perfila para competir nuevamente la ex alcaldesa L\u00eda Lim\u00f3n, y tambi\u00e9n el coordinador de los diputados del PAN, Andr\u00e9s Atayde.<\/p>\n<p>Pero no solo es este tema el que le afecta severamente a Casar\u00edn. Hay un enorme d\u00e9ficit en atenci\u00f3n ciudadana. En \u00c1lvaro Obreg\u00f3n es sabido que su alcalde asiste poco a sus oficinas, sale continuamente de viaje incluso sin notificar al Congreso cuando deber\u00eda de hacerlo. En pr\u00e1cticamente todos los estudios de opini\u00f3n p\u00fablica serios que se hacen, \u00e9l aparece entre los tres peores de la Ciudad. Sus propios compa\u00f1eros de partido le atribuyen un p\u00e9simo manejo de las finanzas p\u00fablicas.<\/p>\n<p>Adem\u00e1s, Casar\u00edn enfrenta quejas y denuncias por autoritarismo, no s\u00f3lo de parte de la oposici\u00f3n, tambi\u00e9n de concejales y diputados de su propio partido, Morena, el que lo postul\u00f3 a la Alcald\u00eda en coalici\u00f3n con el PT y el PVEM, del que es originario.<\/p>\n<p>El pasado 28 de febrero en plena sesi\u00f3n del Concejo de la Alcald\u00eda, la concejala de Morena, Carla Josel\u00edn Gonz\u00e1lez Ruiz denunci\u00f3 haber sido agredida por gente enviada por el director general de Gobierno, Humberto Gonz\u00e1lez, quien no podr\u00eda haber actuado sin el consentimiento del alcalde. \u00bfO s\u00ed? Hasta hoy, silencio sobre el tema.<\/p>\n<p>Hace poco m\u00e1s de un mes, tambi\u00e9n agredieron a gente del equipo pol\u00edtico de la diputada del PAN Liz Salgado. Ella lo denunci\u00f3 p\u00fablicamente, incluso que hubo amenazas de parte del alcalde en su contra, en una llamada telef\u00f3nica.<\/p>\n<p>La campa\u00f1a negra en contra del diputado morenista Fernando Z\u00e1rate, de Morena, se la atribuyen a Casar\u00edn, y es por la disputa por la candidatura a la alcald\u00eda en 2027.<\/p>\n<p>Casar\u00edn es muy cambiante. No respet\u00f3 las alianzas y acuerdos pol\u00edticos que hizo para llegar a la Alcald\u00eda, especialmente con su mentor Marcelo Ebrard, secretario de Econom\u00eda, a qui\u00e9n hizo a un lado apenas gan\u00f3 la elecci\u00f3n. Se dice \u2018claudista\u2019, aunque en realidad el equipo cercano a ella en la Ciudad de M\u00e9xico no lo respalda. Uno de ellos es precisamente Z\u00e1rate, el agredido.<\/p>\n<p>En Palacio del Ayuntamiento la mayor\u00eda no lo digieren y menos cuando se trata de temas de inseguridad, porque es en \u00e9stos donde menor cooperaci\u00f3n encuentran en de las autoridades de \u00c1lvaro Obreg\u00f3n. Pero la pol\u00edtica oficial es trabajar bien e institucionalmente con los 16 alcaldes, y as\u00ed lo intentan todos los d\u00edas, incluido Casar\u00edn, quien ya deber\u00eda estar analizando escenarios de una posible movilizaci\u00f3n ciudadana para solicitar la revocaci\u00f3n de su mandato. Lo veremos.<\/p>\n<p>&nbsp;<\/p>\n<p>FOTO: RRSS Javier L\u00f3pez Casar\u00edn<\/p>\n","protected":false},"excerpt":{"rendered":"<p>Con ese enorme d\u00e9ficit inici\u00f3 Casar\u00edn su administraci\u00f3n. Esa marca de la trampa y el enga\u00f1o al ciudadano. A partir del 1 de abril, podr\u00eda enfrentar un movimiento ciudadano para solicitar la revocaci\u00f3n de su mandato.  FOTO: RRSS Javier L\u00f3pez Casar\u00edn<\/p>\n","protected":false},"author":1,"featured_media":192578,"comment_status":"open","ping_status":"closed","sticky":false,"template":"","format":"standard","meta":{"footnotes":""},"categories":[1327],"tags":[1201,1428,1600,1599,39,608,1528,45,74,254,1596,51,1598,1597],"class_list":["post-192576","post","type-post","status-publish","format-standard","has-post-thumbnail","hentry","category-magacin-cdmx","tag-andres-atayde","tag-casarin","tag-claudia-joselin-gonzalez","tag-claudista","tag-ebrard","tag-fernando-zarate","tag-lia-limon","tag-liz-salgado","tag-morena","tag-pvem","tag-revocacion","tag-tepjf","tag-topes-de-gastos-de-campana","tag-trampa"],"amp_enabled":true,"_links":{"self":[{"href":"https:\/\/reportegam.com\/index.php\/wp-json\/wp\/v2\/posts\/192576","targetHints":{"allow":["GET"]}}],"collection":[{"href":"https:\/\/reportegam.com\/index.php\/wp-json\/wp\/v2\/posts"}],"about":[{"href":"https:\/\/reportegam.com\/index.php\/wp-json\/wp\/v2\/types\/post"}],"author":[{"embeddable":true,"href":"https:\/\/reportegam.com\/index.php\/wp-json\/wp\/v2\/users\/1"}],"replies":[{"embeddable":true,"href":"https:\/\/reportegam.com\/index.php\/wp-json\/wp\/v2\/comments?post=192576"}],"version-history":[{"count":1,"href":"https:\/\/reportegam.com\/index.php\/wp-json\/wp\/v2\/posts\/192576\/revisions"}],"predecessor-version":[{"id":192577,"href":"https:\/\/reportegam.com\/index.php\/wp-json\/wp\/v2\/posts\/192576\/revisions\/192577"}],"wp:featuredmedia":[{"embeddable":true,"href":"https:\/\/reportegam.com\/index.php\/wp-json\/wp\/v2\/media\/192578"}],"wp:attachment":[{"href":"https:\/\/reportegam.com\/index.php\/wp-json\/wp\/v2\/media?parent=192576"}],"wp:term":[{"taxonomy":"category","embeddable":true,"href":"https:\/\/reportegam.com\/index.php\/wp-json\/wp\/v2\/categories?post=192576"},{"taxonomy":"post_tag","embeddable":true,"href":"https:\/\/reportegam.com\/index.php\/wp-json\/wp\/v2\/tags?post=192576"}],"curies":[{"name":"wp","href":"https:\/\/api.w.org\/{rel}","templated":true}]}}