{"id":192563,"date":"2026-03-03T21:00:04","date_gmt":"2026-03-04T03:00:04","guid":{"rendered":"https:\/\/reportegam.com\/?p=192563"},"modified":"2026-03-04T04:02:02","modified_gmt":"2026-03-04T04:02:02","slug":"los-panistas-tambien-son-sectarios","status":"publish","type":"post","link":"https:\/\/reportegam.com\/index.php\/2026\/03\/03\/los-panistas-tambien-son-sectarios\/","title":{"rendered":"\u00bfLos panistas tambi\u00e9n son sectarios?"},"content":{"rendered":"<h2 style=\"text-align: center;\">Glorieta de Col\u00f3n<\/h2>\n<hr \/>\n<p>Algo seguro que anda mal en el PAN de la Ciudad de M\u00e9xico, porque el partido hizo una conferencia de prensa para posicionarse sobre el Plan General de Desarrollo (PGD) 2025-2045 y no convocaron a su diputada experta en el tema, Olivia Garza. Si, resulta que la legisladora se enter\u00f3 el domingo por la noche que habr\u00eda tal conferencia, porque un periodista la entrevist\u00f3 sobre el PGD y al final le pregunt\u00f3 si estar\u00eda en el desayuno del lunes. Ella respondi\u00f3 que no hab\u00eda sido convocada. Luego, trin\u00f3 de coraje cuando se enter\u00f3 que el tema a tratar ser\u00eda el de su especialidad: el PGT. De los 15 diputados del PAN CDMX solo acudi\u00f3 al desayuno su coordinador, Andr\u00e9s Atayde. \u00bfLos panistas tambi\u00e9n son sectarios? La pregunta cabe, porque ellos siempre dicen que el sectarismo est\u00e1 en la tienda de enfrente.<\/p>\n<p>&nbsp;<\/p>\n<p><strong>Tambalea caciquismo en Tl\u00e1huac<\/strong><\/p>\n<p><img fetchpriority=\"high\" decoding=\"async\" class=\" wp-image-33047 alignright\" src=\"https:\/\/reportegam.com\/wp-content\/uploads\/2026\/03\/Preferencias-Morena-Tlahuac-Kanek.jpg\" alt=\"\" width=\"339\" height=\"322\" \/> En Tl\u00e1huac, empieza a debilitarse el caciquismo del grupo pol\u00edtico de la familia Salgado, y a abrirse el abanico hacia la selecci\u00f3n de la candidata o candidato de Morena a la Alcald\u00eda. Una encuesta elaborada por la empresa demosc\u00f3pica FactoM\u00e9trica los \u00faltimos d\u00edas de febrero, arroj\u00f3 que el cacique en jefe, Rigoberto Salgado ya no tiene la mayor\u00eda de las preferencias en su partido. A la pregunta \u00bfqui\u00e9n considera que deber\u00eda ser la candidata o el candidato de Morena a la Alcald\u00eda Tl\u00e1huac?, el ganador fue Kanek Zacar\u00edas. Obtuvo el 22.7% de las preferencias, mientras que Salgado sigui\u00f3 perdiendo terreno y alcanz\u00f3 20.8%. En tercer lugar, Roberto Mej\u00eda, \u201cEl Tito\u201d, con 12.7%. Y en un lejano cuarto lugar la diputada local Adriana Espinosa de los Monteros. Todav\u00eda faltan unos 5 meses para las definiciones, pero la tendencia hoy es que Kanek va creciendo y Salgado en descenso.<\/p>\n<p>&nbsp;<\/p>\n<p><strong>Estacionamiento gratuito<\/strong><\/p>\n<p>Tal parece que ahora s\u00ed van en serio en el Congreso de la Ciudad de M\u00e9xico para modificar la Ley de Establecimientos Mercantiles y que dejen de hincarle tanto el diente a sus propios clientes. El diputado Pedro Haces Lago, de Morena, con el respaldo de legisladores del PRD, PVEM y MC present\u00f3 una iniciativa para que los comercios o sitios que otorgan servicios, como hospitales y cuenten con estacionamiento propio, rentado, concesionado o cualquier figura jur\u00eddica, est\u00e9n obligados a conceder una hora de gratuidad con el boleto sellado, previa comprobaci\u00f3n de que compraron algo. Deber\u00edan ser dos horas de gratuidad, pero al menos una ya es avance.<\/p>\n","protected":false},"excerpt":{"rendered":"<p>Algo seguro que anda mal en el PAN de la Ciudad de M\u00e9xico, porque el partido hizo una conferencia de prensa para posicionarse sobre el Plan General de Desarrollo (PGD) 2025-2045 y no convocaron a su diputada experta en el tema, Olivia Garza.  FOTOS: Especial<\/p>\n","protected":false},"author":1,"featured_media":192565,"comment_status":"open","ping_status":"closed","sticky":false,"template":"","format":"standard","meta":{"footnotes":""},"categories":[31],"tags":[1201,1583,1530,1459,233,1424,122,1297,548,1582,1581,79],"class_list":["post-192563","post","type-post","status-publish","format-standard","has-post-thumbnail","hentry","category-glorieta-de-colon","tag-andres-atayde","tag-estacionamiento-gratuito","tag-factometrica","tag-kanek","tag-luisa-gutierrez","tag-olivia-garza","tag-pedro-haces","tag-pgd","tag-rigoberto-salgado","tag-sectarios","tag-sectarismo","tag-tlahuac"],"amp_enabled":true,"_links":{"self":[{"href":"https:\/\/reportegam.com\/index.php\/wp-json\/wp\/v2\/posts\/192563","targetHints":{"allow":["GET"]}}],"collection":[{"href":"https:\/\/reportegam.com\/index.php\/wp-json\/wp\/v2\/posts"}],"about":[{"href":"https:\/\/reportegam.com\/index.php\/wp-json\/wp\/v2\/types\/post"}],"author":[{"embeddable":true,"href":"https:\/\/reportegam.com\/index.php\/wp-json\/wp\/v2\/users\/1"}],"replies":[{"embeddable":true,"href":"https:\/\/reportegam.com\/index.php\/wp-json\/wp\/v2\/comments?post=192563"}],"version-history":[{"count":1,"href":"https:\/\/reportegam.com\/index.php\/wp-json\/wp\/v2\/posts\/192563\/revisions"}],"predecessor-version":[{"id":192564,"href":"https:\/\/reportegam.com\/index.php\/wp-json\/wp\/v2\/posts\/192563\/revisions\/192564"}],"wp:featuredmedia":[{"embeddable":true,"href":"https:\/\/reportegam.com\/index.php\/wp-json\/wp\/v2\/media\/192565"}],"wp:attachment":[{"href":"https:\/\/reportegam.com\/index.php\/wp-json\/wp\/v2\/media?parent=192563"}],"wp:term":[{"taxonomy":"category","embeddable":true,"href":"https:\/\/reportegam.com\/index.php\/wp-json\/wp\/v2\/categories?post=192563"},{"taxonomy":"post_tag","embeddable":true,"href":"https:\/\/reportegam.com\/index.php\/wp-json\/wp\/v2\/tags?post=192563"}],"curies":[{"name":"wp","href":"https:\/\/api.w.org\/{rel}","templated":true}]}}