{"id":192273,"date":"2026-01-25T16:30:29","date_gmt":"2026-01-25T22:30:29","guid":{"rendered":"https:\/\/reportegam.com\/?p=192273"},"modified":"2026-01-25T22:30:32","modified_gmt":"2026-01-25T22:30:32","slug":"logramos-que-en-156-paises-sepan-que-puebla-existe-carla-lopez-malo","status":"publish","type":"post","link":"https:\/\/reportegam.com\/index.php\/2026\/01\/25\/logramos-que-en-156-paises-sepan-que-puebla-existe-carla-lopez-malo\/","title":{"rendered":"Logramos que en 156 pa\u00edses sepan que Puebla existe: Carla L\u00f3pez-Malo"},"content":{"rendered":"<blockquote>\n<p style=\"text-align: center;\"><em><strong>\u201cNo solamente Espa\u00f1a, hoy el mundo entero, los 156 pa\u00edses que estuvieron presentes en esta edici\u00f3n de Fitur 2026, saben que Puebla existe y saben que tiene mucho que ofrecer en experiencias tur\u00edsticas\u201d, enfatiza la secretaria de Turismo.<\/strong><\/em><\/p>\n<\/blockquote>\n<hr \/>\n<h4>Alejandro Lelo de Larrea \/ CDMX Magac\u00edn<\/h4>\n<hr \/>\n<p><strong>MADRID, Espa\u00f1a, 25 de enero.\u2014<\/strong>En la Feria Internacional de Turismo (Fitur) Madrid 2026, el Gobierno de Puebla ha logrado grandes resultados, como ser la pr\u00f3xima sede del Foro Cultural de Turismo Internacional \u201cHacia un nuevo modelo de turismo cultural sostenible en Am\u00e9rica Latina\u201d y dar a conocer sus grandes atractivos a los 156 pa\u00edses que acudieron a este importante encuentro tur\u00edstico.<\/p>\n<p>En entrevista con <strong>CDMX Magac\u00edn<\/strong>, Carla L\u00f3pez-Malo Villal\u00f3n, secretaria de Turismo del Gobierno de Puebla, destaca que la participaci\u00f3n de la entidad en la Fitur 2026, que del 21 al 25 de enero se convirti\u00f3 en la capital mundial del turismo, fue muy sobresaliente y se dio a conocer su gran oferta tur\u00edstica, cultural y gastron\u00f3mica, en la que lograron tambi\u00e9n posicionar el lema de que Puebla es \u00abel latido de M\u00e9xico\u00bb.<\/p>\n<p>\u201cFirmamos convenios con Expedia (plataforma global de viajes por internet), con el Corte Ingl\u00e9s (centro comercial de lujo de Espa\u00f1a, referente mundial de la moda), con Despegar; vamos a tener presencia en m\u00e1s de 430 tiendas f\u00edsicas, agencias de viajes, cerramos acuerdos de colaboraci\u00f3n con otras siete plataformas de ventas de rutas de Espa\u00f1a a Puebla, que ser\u00e1n siete nuevas oportunidades de Puebla para mostrarse al mundo\u201d, expone la secretaria del gobierno que encabeza Alejandro Armenta.<\/p>\n<p>A\u00f1ade que tambi\u00e9n tuvieron reuniones con Grupo Avoris, una de las agencias m\u00e1s grandes e importantes de Europa, que tendr\u00e1 a Puebla tambi\u00e9n en sus cat\u00e1logos con IberoJet, con Volaris con Viva Aerob\u00fas para buscar incrementar las rutas y frecuencias a\u00e9reas que tenemos en el estado.<\/p>\n<p>&nbsp;<\/p>\n<blockquote>\n<h3 style=\"text-align: center;\"><em><strong>Firmamos convenios con Expedia (plataforma global de viajes por internet), con el Corte Ingl\u00e9s (centro comercial de lujo de Espa\u00f1a, referente mundial de la moda), con Despegar.<\/strong><\/em><\/h3>\n<\/blockquote>\n<p>&nbsp;<\/p>\n<p><img fetchpriority=\"high\" decoding=\"async\" class=\"aligncenter size-large wp-image-32148\" src=\"https:\/\/reportegam.com\/wp-content\/uploads\/2026\/01\/Carla-Lopez-Malo-Villalon-secretaria-de-Turismo-de-Puebla-FITUR-2026-2-583x1024.jpg\" alt=\"\" width=\"583\" height=\"1024\" \/><\/p>\n<p>&nbsp;<\/p>\n<p><strong>Alcance a 156 pa\u00edses<\/strong><\/p>\n<p>\u201cSostuvimos reuniones con m\u00e1s de 70 agencias de viajes y colaboradores espa\u00f1oles, en una presentaci\u00f3n destino vendi\u00e9ndoles y promocionando los atractivos de Puebla y salieron encantados. No podemos estar m\u00e1s contentos porque no solamente Europa, no solamente Espa\u00f1a, hoy el mundo entero, los 156 pa\u00edses que estuvieron presentes en esta edici\u00f3n de Fitur 2026, saben que Puebla existe y saben que tiene mucho que ofrecer en experiencias tur\u00edsticas\u201d, enfatiza Carla L\u00f3pez-Malo.<\/p>\n<p>Con una licenciatura en Mercadotecnia por la Universidad An\u00e1huac, la funcionaria poblana es especialista en el dise\u00f1o de estrategias de posicionamiento tur\u00edstico y comunicaci\u00f3n institucional, ha impulsado grandes proyectos para promover destinos nacionales e internacionales.<\/p>\n<p>En la Fitur 2026 en Madrid, el Gobierno de Puebla se hizo presente en un stand tur\u00edstico de 70 metros cuadrados, que fue enmarcado con la presencia de artesanas de talavera (un arte que tiene m\u00e1s de 500 a\u00f1os de tradici\u00f3n en esta entidad), y textiles, cocineras tradicionales, productores de mezcal y de caf\u00e9, \u201cha sido una edici\u00f3n incre\u00edble donde hemos podido mostrar un cachito de lo mucho que tiene Puebla para ofrecer\u201d, destaca la joven funcionaria estatal.<\/p>\n<p>En Madrid, L\u00f3pez-Malo Villal\u00f3n resalta: \u201cEstoy muy contenta, el Gobierno de Puebla tuvo una participaci\u00f3n hist\u00f3rica en la Fitur 2026, con una comitiva de casi 50 personas entre agencias de viajes, operadores de servicios tur\u00edsticos, as\u00ed como la presencia de los 12 pueblos m\u00e1gicos del estado\u201d.<\/p>\n<p>Destaca que gracias a su asistencia a este evento tur\u00edstico en Europa, el Gobierno de Puebla, en conjunto con la Secretar\u00eda de Turismo federal, lograron que la entidad sea sede el pr\u00f3ximo mes de octubre del Foro Internacional de Turismo Cultural de la ONU. \u201cTendremos a m\u00e1s de 20 pa\u00edses y l\u00edderes de la industria tur\u00edstica de todo el mundo\u201d.<\/p>\n<p>&nbsp;<\/p>\n<blockquote>\n<h3 style=\"text-align: center;\"><em><strong>Estoy segura de que todos los que vengan a nuestro estado no se van a querer ir y si se van a querer regresar una y otra vez. Los esperamos en Puebla que es su casa, que es el latido de M\u00e9xico\u201d.<\/strong><\/em><\/h3>\n<\/blockquote>\n<p>&nbsp;<\/p>\n<p><img decoding=\"async\" class=\"aligncenter wp-image-32149\" src=\"https:\/\/reportegam.com\/wp-content\/uploads\/2026\/01\/Carla-Lopez-Malo-Villalon-secretaria-de-Turismo-de-Puebla-FITUR-2026.jpg\" alt=\"\" width=\"555\" height=\"699\" \/><\/p>\n<p>&nbsp;<\/p>\n<p><strong>Carrera s\u00f3lo de pilotas<\/strong><\/p>\n<p>L\u00f3pez-Malo Villal\u00f3n tambi\u00e9n remarca el anuncio de que en febrero se realizar\u00e1 en Puebla la Carrera Panamericana en la cual por primera vez participar\u00e1n s\u00f3lo pilotas mujeres.<\/p>\n<p>La funcionaria estatal resalta que hoy Puebla no se vende solamente como un destino que tiene atractivos o lugares tur\u00edsticos, \u201clo vendemos como un estado que tiene experiencias exclusivas y son experiencias que se hacen directamente con nuestras comunidades, porque hoy el turismo en Puebla tiene rostro humano y justamente son nuestras cocineras y cocineros, artesanos, productoras y productoras que hoy reciben a nuestros visitantes turistas en sus casas y talleres artesanales, en sus cocinas de humo, en sus los lugares para elaborar el mezcal, en sus cafetales\u201d, expone.<\/p>\n<p><em>\u2014 \u00bfQu\u00e9 acciones realizar\u00e1n para atraer a Puebla a un porcentaje de los 5 millones de visitantes que se esperan para el Mundial de Futbol? <\/em><\/p>\n<p><strong>\u2014 Hoy estamos en conjunto con Secretar\u00eda de Turismo federal vendiendo 8 rutas diferentes, saliendo desde Ciudad de M\u00e9xico hacia Puebla, los partidos son muy espaciados y si desean conocer un destino realmente cultural, hist\u00f3rico, gastron\u00f3mico porque somos la cocina de M\u00e9xico, visiten Puebla donde tenemos turismo de aventura, turismo familiar con muchos eventos, vamos a tener un casino del Mundial en la entidad, aunque no seamos sede, tendremos muchas actividades y muchas otras sorpresas que pronto vamos a anunciar. <\/strong><\/p>\n<p>\u201cInvitamos a que nos visiten, que no solamente vayan a la playa, sino que vayan y vivan experiencias \u00fanicas de la mano de nuestra gente, los vamos a estar esperando, porque Puebla es el latido de M\u00e9xico. Estoy segura de que todos los que vengan a nuestro estado no se van a querer ir y si se van a querer regresar una y otra vez. Los esperamos en Puebla que es su casa\u201d, puntualiza la secretaria.<\/p>\n","protected":false},"excerpt":{"rendered":"<p>En entrevista con CDMX Magac\u00edn, Carla L\u00f3pez-Malo Villal\u00f3n, secretaria de Turismo del Gobierno de Puebla, destaca que la participaci\u00f3n de la entidad en la Fitur 2026, que del 21 al 25 de enero se convirti\u00f3 en la capital mundial del turismo, fue muy sobresaliente y se dio a conocer su gran oferta tur\u00edstica, cultural y gastron\u00f3mica.  FOTOS: CDMX Magac\u00edn<\/p>\n","protected":false},"author":1,"featured_media":192275,"comment_status":"open","ping_status":"closed","sticky":false,"template":"","format":"standard","meta":{"footnotes":""},"categories":[967],"tags":[1357,1359,1355,1358,1247,1360,725,1356],"class_list":["post-192273","post","type-post","status-publish","format-standard","has-post-thumbnail","hentry","category-especiales","tag-alejandro-armenta","tag-avoris","tag-carla-lopez-malo-villalon","tag-expedia","tag-fitur","tag-ibero-jet","tag-puebla","tag-secretaria-de-turismo"],"amp_enabled":true,"_links":{"self":[{"href":"https:\/\/reportegam.com\/index.php\/wp-json\/wp\/v2\/posts\/192273","targetHints":{"allow":["GET"]}}],"collection":[{"href":"https:\/\/reportegam.com\/index.php\/wp-json\/wp\/v2\/posts"}],"about":[{"href":"https:\/\/reportegam.com\/index.php\/wp-json\/wp\/v2\/types\/post"}],"author":[{"embeddable":true,"href":"https:\/\/reportegam.com\/index.php\/wp-json\/wp\/v2\/users\/1"}],"replies":[{"embeddable":true,"href":"https:\/\/reportegam.com\/index.php\/wp-json\/wp\/v2\/comments?post=192273"}],"version-history":[{"count":1,"href":"https:\/\/reportegam.com\/index.php\/wp-json\/wp\/v2\/posts\/192273\/revisions"}],"predecessor-version":[{"id":192274,"href":"https:\/\/reportegam.com\/index.php\/wp-json\/wp\/v2\/posts\/192273\/revisions\/192274"}],"wp:featuredmedia":[{"embeddable":true,"href":"https:\/\/reportegam.com\/index.php\/wp-json\/wp\/v2\/media\/192275"}],"wp:attachment":[{"href":"https:\/\/reportegam.com\/index.php\/wp-json\/wp\/v2\/media?parent=192273"}],"wp:term":[{"taxonomy":"category","embeddable":true,"href":"https:\/\/reportegam.com\/index.php\/wp-json\/wp\/v2\/categories?post=192273"},{"taxonomy":"post_tag","embeddable":true,"href":"https:\/\/reportegam.com\/index.php\/wp-json\/wp\/v2\/tags?post=192273"}],"curies":[{"name":"wp","href":"https:\/\/api.w.org\/{rel}","templated":true}]}}