{"id":192131,"date":"2026-01-04T19:57:48","date_gmt":"2026-01-05T01:57:48","guid":{"rendered":"https:\/\/reportegam.com\/?p=192131"},"modified":"2026-01-05T01:57:50","modified_gmt":"2026-01-05T01:57:50","slug":"a-rubalcava-le-agarro-el-sismo-esquiando-en-vail","status":"publish","type":"post","link":"https:\/\/reportegam.com\/index.php\/2026\/01\/04\/a-rubalcava-le-agarro-el-sismo-esquiando-en-vail\/","title":{"rendered":"A Rubalcava le agarr\u00f3 el sismo esquiando en Vail"},"content":{"rendered":"<h2 style=\"text-align: center;\">Glorieta de Col\u00f3n<\/h2>\n<hr \/>\n<p>\u201c\u00bfD\u00f3nde te agarr\u00f3 el temblor?\u201d, dice la popular canci\u00f3n de Chico Ch\u00e9? Al director general del Metro, Adri\u00e1n Rubalcava, nos afirman, lo agarr\u00f3 esquiando en Vail, Colorado, Estados Unidos. El pasado 2 de enero, despu\u00e9s del sismo que sacudi\u00f3 a la Ciudad de M\u00e9xico sorprendi\u00f3 que Rubalcava \u2013protag\u00f3nico como es\u2013 no posteara un solo video recorriendo las instalaciones del sistema de transporte, a pesar de que pr\u00e1cticamente nunca desaprovecha una oportunidad de reflectores, por aquello de su proyecto de ser candidato de Morena, PVEM y PT a jefe de Gobierno, en 2030. Personal del Sindicato del Metro \u2013no alineado con su l\u00edder\u2013, nos afirma que Rubalcava no se present\u00f3 a laborar ese d\u00eda, porque \u201cestaba fuera del pa\u00eds\u201d. \u00bfD\u00f3nde? Nos aseguran que en Vail. A la mejor no tiene nada de malo que ande por esos lares en esas actividades deportivas, pero Rubalcava nos debe una explicaci\u00f3n doble por ser alto funcionario p\u00fablico. La primera es de qu\u00e9 privilegios goza, porque cualquier persona tiene derecho a vacaciones hasta pasado un a\u00f1o de antig\u00fcedad laboral, y \u00e9l apenas inici\u00f3 su encargo en mayo pasado. La segunda: de d\u00f3nde sac\u00f3 dinero para pagarse esos lujos o, como dir\u00eda el ex presidente L\u00f3pez Obrador, <em>\u00bfqu\u00e9n pomp\u00f3<\/em>?\u201d, porque un d\u00eda de esquiar en ese sitio todo incluido, en \u00e9poca decembrina, al menos cuesta mil 200 d\u00f3lares diarios (unos 22 mil pesos, pr\u00e1cticamente la tercera parte de un mes de su salario, pues percibe como base 108 mil pesos, menos impuestos, le quedan unos 75 mil pesos. Si no le rinde cuentas a los gobernados, como debiera, seguramente Rubalcava s\u00ed tendr\u00e1 que hacerlo a su jefe, H\u00e9ctor Ulises Garc\u00eda, titular de la Secretar\u00eda de Movilidad. Seguramente Rubalcava se regres\u00f3 como de rayo, porque este s\u00e1bado 3 ya estaba posteando im\u00e1genes de \u00e9l revisando instalaciones del Metro, \u00a1un d\u00eda despu\u00e9s del sismo!<\/p>\n<p>&nbsp;<\/p>\n<p><strong>\u00bfPodr\u00e1 Pablo V\u00e1zquez?<\/strong><\/p>\n<p>A prop\u00f3sito de los acontecimientos en Venezuela, el titular de la Secretar\u00eda de Seguridad Ciudadana de la capital del pa\u00eds, Pablo V\u00e1zquez, deber\u00e1 aprovechar la ocasi\u00f3n para erradicar las operaciones de la banda criminal \u201cTren de Aragua\u201d, que se conform\u00f3 en aquella ciudad venezolana pero, de acuerdo con la propia jefa de Gobierno, Clara Brugada, ha operado en la capital del pa\u00eds. Tan es as\u00ed, que en octubre pasado anunciaron la detenci\u00f3n de Nelson Arturo Echezur\u00eda Alc\u00e1ntara, alias \u201cNelson\u201d, a quien identificaron como el \u201cprincipal operador\u201d de ese grupo criminal que le atribu\u00edan al depuesto presidente Nicol\u00e1s Maduro de haber cruzado los brazos ante su crecimiento delincuencial en aquella naci\u00f3n, tanto que alcanz\u00f3 niveles extraterritoriales. A ver si es cierto que Pablo V\u00e1zquez las puede, porque trae m\u00e1s presi\u00f3n por aquello del Mundial, para el que faltan pr\u00e1cticamente 5 meses.<\/p>\n<p>&nbsp;<\/p>\n<h5 style=\"text-align: right;\">IMAGEN: gen\u00e9rica, creada con IA de Copilot \/ La imagen de Rubalcava evidentemente es sobrepuesta, de archivo.<\/h5>\n","protected":false},"excerpt":{"rendered":"<p>\u201c\u00bfD\u00f3nde te agarr\u00f3 el temblor?\u201d, dice la popular canci\u00f3n de Chico Ch\u00e9? Al director general del Metro, Adri\u00e1n Rubalcava, nos afirman, lo agarr\u00f3 esquiando en Vail, Colorado, Estados Unidos.  IM\u00c1GENES: gen\u00e9rica, creada con IA de Copilot \/ La foto de Rubalcava evidentemente es sobrepuesta, de archivo del Metro.<\/p>\n","protected":false},"author":1,"featured_media":192133,"comment_status":"open","ping_status":"closed","sticky":false,"template":"","format":"standard","meta":{"footnotes":""},"categories":[31],"tags":[1226,1224,1222,1221,190,702,1225,1223],"class_list":["post-192131","post","type-post","status-publish","format-standard","has-post-thumbnail","hentry","category-glorieta-de-colon","tag-chico-che","tag-colorado","tag-esquiando","tag-esquiar","tag-metro","tag-rubalcava","tag-temblor","tag-vail"],"amp_enabled":true,"_links":{"self":[{"href":"https:\/\/reportegam.com\/index.php\/wp-json\/wp\/v2\/posts\/192131","targetHints":{"allow":["GET"]}}],"collection":[{"href":"https:\/\/reportegam.com\/index.php\/wp-json\/wp\/v2\/posts"}],"about":[{"href":"https:\/\/reportegam.com\/index.php\/wp-json\/wp\/v2\/types\/post"}],"author":[{"embeddable":true,"href":"https:\/\/reportegam.com\/index.php\/wp-json\/wp\/v2\/users\/1"}],"replies":[{"embeddable":true,"href":"https:\/\/reportegam.com\/index.php\/wp-json\/wp\/v2\/comments?post=192131"}],"version-history":[{"count":1,"href":"https:\/\/reportegam.com\/index.php\/wp-json\/wp\/v2\/posts\/192131\/revisions"}],"predecessor-version":[{"id":192132,"href":"https:\/\/reportegam.com\/index.php\/wp-json\/wp\/v2\/posts\/192131\/revisions\/192132"}],"wp:featuredmedia":[{"embeddable":true,"href":"https:\/\/reportegam.com\/index.php\/wp-json\/wp\/v2\/media\/192133"}],"wp:attachment":[{"href":"https:\/\/reportegam.com\/index.php\/wp-json\/wp\/v2\/media?parent=192131"}],"wp:term":[{"taxonomy":"category","embeddable":true,"href":"https:\/\/reportegam.com\/index.php\/wp-json\/wp\/v2\/categories?post=192131"},{"taxonomy":"post_tag","embeddable":true,"href":"https:\/\/reportegam.com\/index.php\/wp-json\/wp\/v2\/tags?post=192131"}],"curies":[{"name":"wp","href":"https:\/\/api.w.org\/{rel}","templated":true}]}}