{"id":192005,"date":"2025-11-22T21:43:08","date_gmt":"2025-11-23T03:43:08","guid":{"rendered":"https:\/\/reportegam.com\/?p=192005"},"modified":"2025-11-23T03:43:12","modified_gmt":"2025-11-23T03:43:12","slug":"diputado-vanegas-refrenda-su-compromiso-de-dar-solucion-a-las-necesidades","status":"publish","type":"post","link":"https:\/\/reportegam.com\/index.php\/2025\/11\/22\/diputado-vanegas-refrenda-su-compromiso-de-dar-solucion-a-las-necesidades\/","title":{"rendered":"Diputado Vanegas refrenda su compromiso de dar soluci\u00f3n a las necesidades"},"content":{"rendered":"<h3 style=\"text-align: center;\"><em><strong>Ante m\u00e1s de tres mil tlalpenses, destaca el trabajo legislativo y de territorio que ha realizado en favor de la alcald\u00eda.<\/strong><\/em><\/h3>\n<hr \/>\n<h4><strong>David Polanco \/ CDMX Magac\u00edn<\/strong><\/h4>\n<hr \/>\n<p>Ante m\u00e1s de tres mil personas que se congregaron en el ruedo de San Miguel Xicalco para presenciar el Primer Informe del diputado tlalpense Alberto Vanegas Arenas, el legislador de Morena se\u00f1al\u00f3 que, con este acto de rendici\u00f3n de cuentas, refrenda su compromiso de \u201cser la voz de Tlalpan\u201d para convertir las necesidades de los pueblos y colonias en leyes, en gestiones, en soluciones reales que generen bienestar y desarrollo.<\/p>\n<p>\u201cRendir cuentas al pueblo, mirarlo de frente, escucharlo y reconocer su voz, es lo que aprendimos del presidente Andr\u00e9s Manuel L\u00f3pez Obrador, nuestro l\u00edder moral, quien nos ense\u00f1\u00f3 que el poder solo tiene sentido y se convierte en virtud cuando se pone al servicio de los dem\u00e1s\u201d, destac\u00f3.<\/p>\n<p>El legislador de la Ciudad de M\u00e9xico refiri\u00f3 que en Tlalpan existe una nueva generaci\u00f3n de pol\u00edticos honestos, trabajadores y comprometidos con el pueblo; \u201cjuntos hemos demostrado que la pol\u00edtica no se trata de competir, sino de construir, de sumar, compartir y so\u00f1ar en grande por nuestra tierra\u201d.<\/p>\n<p>Vanegas Arenas hizo un recuento del trabajo legislativo que realiz\u00f3 durante este primer a\u00f1o de actividades en el Congreso de la Ciudad de M\u00e9xico, en el que \u201cpresentamos 26 iniciativas de ley en materia de derechos laborales, salud, medio ambiente, bienestar animal, gesti\u00f3n integral del agua, seguridad ciudadana, manejo de residuos s\u00f3lidos y derechos humanos\u201d.<\/p>\n<p>\u201cLuchamos por los derechos de las mujeres y la diversidad sexual; nosotros defendemos los derechos de las y los trabajadores; luchamos por los derechos de las ni\u00f1as, ni\u00f1os, j\u00f3venes y personas mayores; nosotros defendemos a nuestra Patria y a nuestra gente\u201d, a\u00f1adi\u00f3.<\/p>\n<p>Adem\u00e1s, impuls\u00f3 14 puntos de acuerdo en temas como presupuesto para la Alcald\u00eda de Tlalpan, obras de drenaje, construcci\u00f3n de banquetas, mantenimiento de pozos de agua, pavimentaci\u00f3n y bacheo, y particip\u00f3 en m\u00e1s de 45 mesas de trabajo.<\/p>\n<p>Al ser presidente de la Comisi\u00f3n de Desarrollo Metropolitano, destac\u00f3 la importancia de la coordinaci\u00f3n entre los tres \u00f3rdenes de gobierno para dar soluciones reales a la gente en la Zona Metropolitana del Valle de M\u00e9xico.<\/p>\n<p>&nbsp;<\/p>\n<h3 style=\"text-align: center;\"><em><strong>Vanegas subray\u00f3 las acciones realizadas en conjunto con el diputado Pedro Haces Lago, con quien impuls\u00f3 el programa de prevenci\u00f3n del c\u00e1ncer de mama y \u201cMujeres Tlalpenses produciendo con huevos\u201d.<\/strong><\/em><\/h3>\n<p>&nbsp;<\/p>\n<p><img fetchpriority=\"high\" decoding=\"async\" class=\"aligncenter size-large wp-image-30876\" src=\"https:\/\/reportegam.com\/wp-content\/uploads\/2025\/11\/Diputado-Vanegas-refrenda-su-compromiso-de-dar-solucion-a-las-necesidades-2-1024x682.jpeg\" alt=\"\" width=\"1024\" height=\"682\" \/><\/p>\n<p>&nbsp;<\/p>\n<p>\u201cEsta zona metropolitana del Valle de M\u00e9xico necesita coordinaci\u00f3n. Es necesaria una polic\u00eda metropolitana para brindarle seguridad a las personas, obras estrat\u00e9gicas para mejorar la movilidad, la distribuci\u00f3n equitativa del agua potable, la prevenci\u00f3n de inundaciones y el mejoramiento de las condiciones de vida de la poblaci\u00f3n\u201d, dijo.<\/p>\n<p>Mencion\u00f3 que, con trabajo en equipo, una visi\u00f3n regional y coordinada se avanza m\u00e1s y ejemplific\u00f3 con el anuncio que hizo la presidenta Claudia Sheinbaum de la construcci\u00f3n de la primera l\u00ednea del Cableb\u00fas en la alcald\u00eda.<\/p>\n<p>\u201cLo decimos con alegr\u00eda y orgullo, ser\u00e1 la l\u00ednea m\u00e1s extensa, no solo de la ciudad, sino de Am\u00e9rica Latina. Iniciar\u00e1 en los Pedregales, atravesar\u00e1 las colonias del Ajusco Medio y la Miguel Hidalgo y llegar\u00e1 hasta el metro CU, beneficiando a m\u00e1s de 200 mil personas\u201d, se\u00f1al\u00f3.<\/p>\n<p>Vanegas Arenas destac\u00f3 el trabajo en territorio, porque \u201csabemos que la Transformaci\u00f3n no se hace solo desde una curul\u201d, y enumer\u00f3 algunas acciones realizadas como: asambleas comunitarias, jornadas de servicios, ferias de salud, talleres de elaboraci\u00f3n de pan de muerto, galletas navide\u00f1as, pi\u00f1atas, actividades culturales y encuentros vecinales.<\/p>\n<p>&nbsp;<\/p>\n<h3 style=\"text-align: center;\"><em><strong>\u201cSigamos caminando hombro con hombro, coraz\u00f3n con coraz\u00f3n, por el bienestar de nuestra gente y por el futuro que merecemos. Sigamos \u2018AVAnzando\u2019 por Tlalpan\u201d, concluy\u00f3.<\/strong><\/em><\/h3>\n<p>&nbsp;<\/p>\n<p><img decoding=\"async\" class=\"aligncenter size-large wp-image-30875\" src=\"https:\/\/reportegam.com\/wp-content\/uploads\/2025\/11\/Diputado-Vanegas-refrenda-su-compromiso-de-dar-solucion-a-las-necesidades-3-1024x695.jpeg\" alt=\"\" width=\"1024\" height=\"695\" \/><\/p>\n<p>&nbsp;<\/p>\n<p>\u201cEste primer a\u00f1o ha sido intenso, desafiante y esperanzador, pero lo que viene ser\u00e1 a\u00fan m\u00e1s grande, porque nuestro compromiso no termina aqu\u00ed, apenas empieza. Vamos a seguir caminando juntos, construyendo desde abajo, escuchando, organizando, so\u00f1ando con un Tlalpan vivo, seguro, justo y con oportunidades para todas y todos\u201d, indic\u00f3.<\/p>\n<p>Mencion\u00f3 que seguir\u00e1 trabajando para lograr un Tlalpan que sea ejemplo de comunidad, de servicio p\u00fablico, de amor por su gente, \u201cun Tlalpan donde nadie se quede atr\u00e1s, donde cada voz cuente, donde el trabajo honesto y colectivo sea la base de nuestro futuro\u201d.<\/p>\n<p>En este informe estuvo arropado por N\u00e9stor N\u00fa\u00f1ez L\u00f3pez, titular de la Unidad de Vinculaci\u00f3n Institucional y Patrimonio de la SICT; Tem\u00edstocles Villanueva, coordinador de Movilidad Humana de la Ciudad de M\u00e9xico; In\u00e9s Gonz\u00e1lez Nicol\u00e1s, secretaria del Trabajo y Fomento al Empleo de la Ciudad de M\u00e9xico; Mart\u00edn Rosales, secretario de Arte y Cultura, en representaci\u00f3n de la Dirigencia de Morena en la capital; Jorge Ponce Mart\u00ednez, magistrado presidente de la Sala Constitucional de la Cuidad de M\u00e9xico, en representaci\u00f3n del Magistrado presidente Rafael Guerra \u00c1lvarez; Leticia Rocha, asesora de la Presidencia; y Eduardo Santill\u00e1n, magistrado del Tribunal de Justicia Administrativa.<\/p>\n<p>Adem\u00e1s de las y los diputados federales Pedro Haces Barba, Maiella G\u00f3mez Maldonado, M\u00f3nica \u00c1lvarez Nemer, Daniel Campos Plancarte y Jes\u00fas Vald\u00e9s Pe\u00f1a; y las y los legisladores locales X\u00f3chitl Bravo Espinosa, Pedro Haces Lago, Miriam Valeria Cruz Flores, Fernando Z\u00e1rate Salgado, Adriana Espinosa de los Monteros, Juan Rubio Gualito, Luis Ch\u00e1vez Garc\u00eda, Miguel Macedo, Israel Moreno, Leonor G\u00f3mez Otegui, V\u00edctor Hugo Lobo Rodr\u00edguez y Paulo Emilio Garc\u00eda.<\/p>\n<p>&nbsp;<\/p>\n<p><img decoding=\"async\" class=\"aligncenter size-large wp-image-30874\" src=\"https:\/\/reportegam.com\/wp-content\/uploads\/2025\/11\/Diputado-Vanegas-refrenda-su-compromiso-de-dar-solucion-a-las-necesidades-4-1024x682.jpeg\" alt=\"\" width=\"1024\" height=\"682\" \/><\/p>\n","protected":false},"excerpt":{"rendered":"<p>\u201cRendir cuentas al pueblo, mirarlo de frente, escucharlo y reconocer su voz, es lo que aprendimos del presidente Andr\u00e9s Manuel L\u00f3pez Obrador, nuestro l\u00edder moral, quien nos ense\u00f1\u00f3 que el poder solo tiene sentido y se convierte en virtud cuando se pone al servicio de los dem\u00e1s\u201d, destac\u00f3 el diputado Alberto Vanegas.<\/p>\n","protected":false},"author":1,"featured_media":192007,"comment_status":"open","ping_status":"closed","sticky":false,"template":"","format":"standard","meta":{"footnotes":""},"categories":[23],"tags":[295,608,596,171,1151,1146,122,1057,107,1152,75],"class_list":["post-192005","post","type-post","status-publish","format-standard","has-post-thumbnail","hentry","category-congreso-cdmx","tag-alberto-vanegas","tag-fernando-zarate","tag-gualito","tag-leonor-gomez-otegui","tag-luis-chavez","tag-paulo-garcia","tag-pedro-haces","tag-primer-informe","tag-tlalpan","tag-tlalpenses","tag-xochitl-bravo"],"amp_enabled":true,"_links":{"self":[{"href":"https:\/\/reportegam.com\/index.php\/wp-json\/wp\/v2\/posts\/192005","targetHints":{"allow":["GET"]}}],"collection":[{"href":"https:\/\/reportegam.com\/index.php\/wp-json\/wp\/v2\/posts"}],"about":[{"href":"https:\/\/reportegam.com\/index.php\/wp-json\/wp\/v2\/types\/post"}],"author":[{"embeddable":true,"href":"https:\/\/reportegam.com\/index.php\/wp-json\/wp\/v2\/users\/1"}],"replies":[{"embeddable":true,"href":"https:\/\/reportegam.com\/index.php\/wp-json\/wp\/v2\/comments?post=192005"}],"version-history":[{"count":1,"href":"https:\/\/reportegam.com\/index.php\/wp-json\/wp\/v2\/posts\/192005\/revisions"}],"predecessor-version":[{"id":192006,"href":"https:\/\/reportegam.com\/index.php\/wp-json\/wp\/v2\/posts\/192005\/revisions\/192006"}],"wp:featuredmedia":[{"embeddable":true,"href":"https:\/\/reportegam.com\/index.php\/wp-json\/wp\/v2\/media\/192007"}],"wp:attachment":[{"href":"https:\/\/reportegam.com\/index.php\/wp-json\/wp\/v2\/media?parent=192005"}],"wp:term":[{"taxonomy":"category","embeddable":true,"href":"https:\/\/reportegam.com\/index.php\/wp-json\/wp\/v2\/categories?post=192005"},{"taxonomy":"post_tag","embeddable":true,"href":"https:\/\/reportegam.com\/index.php\/wp-json\/wp\/v2\/tags?post=192005"}],"curies":[{"name":"wp","href":"https:\/\/api.w.org\/{rel}","templated":true}]}}