{"id":191568,"date":"2025-09-06T18:45:42","date_gmt":"2025-09-07T00:45:42","guid":{"rendered":"https:\/\/reportegam.com\/?p=191568"},"modified":"2025-09-07T01:34:29","modified_gmt":"2025-09-07T01:34:29","slug":"llama-gobierno-cdmx-a-todos-a-vacunarse-contra-el-sarampion","status":"publish","type":"post","link":"https:\/\/reportegam.com\/index.php\/2025\/09\/06\/llama-gobierno-cdmx-a-todos-a-vacunarse-contra-el-sarampion\/","title":{"rendered":"Llama Gobierno CDMX a todos a vacunarse contra el sarampi\u00f3n"},"content":{"rendered":"<h3 style=\"text-align: center;\"><em><strong>Convoca CDMX a la poblaci\u00f3n a que se vacune, a toda la poblaci\u00f3n de la Ciudad de M\u00e9xico que se vacune contra el sarampi\u00f3n; de seis meses a 50 a\u00f1os de edad, hay vacunas suficientes para lograrlo, indican.<\/strong><\/em><\/h3>\n<hr \/>\n<h4>CDMX Magac\u00edn<\/h4>\n<hr \/>\n<p>La Jefa de Gobierno de la Ciudad de M\u00e9xico, Clara Brugada Molina, la secretaria de Salud, Nadine Gasman, y el director general del Centro Nacional de Prevenci\u00f3n y Control de Enfermedades, Rafael Ricardo Valdez V\u00e1zquez, encabezaron el inicio de la Semana Nacional de Salud P\u00fablica y la Jornada de Vacunaci\u00f3n, que se realizar\u00e1 del 6 al 13 de septiembre en esta capital, con el objetivo de construir un gran esquema de prevenci\u00f3n.<\/p>\n<p>En el Monumento a la Revoluci\u00f3n, donde arranc\u00f3 la Jornada Nacional de Salud, la mandataria capitalina invit\u00f3 a la poblaci\u00f3n a vacunarse contra el sarampi\u00f3n, reforzar la vacuna tanto en ni\u00f1os como en adultos en alguno de los centros de salud, en los planteles escolares de educaci\u00f3n b\u00e1sica o en los kioscos que se instalar\u00e1n en diferentes puntos de la ciudad para evitar contagios de esta enfermedad.<\/p>\n<p>\u201cQuiero convocar a la poblaci\u00f3n a que se vacune, a toda la poblaci\u00f3n de la Ciudad de M\u00e9xico que se vacune contra el sarampi\u00f3n; de seis meses a 50 a\u00f1os de edad, hay vacunas suficientes para lograrlo\u201d, enfatiz\u00f3 la mandataria capitalina ante funcionarios de Salud del gobierno federal y de la Ciudad de M\u00e9xico\u201d.<\/p>\n<p>Expuso que ser\u00e1n mil profesionales de salud quienes se encargar\u00e1n de la vacunaci\u00f3n; 600 en las escuelas de educaci\u00f3n b\u00e1sica de la ciudad, desde jard\u00edn de ni\u00f1os hasta secundaria, y los otros 400 vacunadores estar\u00e1n en distintas partes de la ciudad, en lugares estrat\u00e9gicos con kioscos de vacunaci\u00f3n.<\/p>\n<p>\u201cSi se logra garantizar vacunas para todas las personas, por ejemplo de sarampi\u00f3n, se estar\u00e1 garantizando que las personas no se enfermen y si llegasen a contagiarse de sarampi\u00f3n, podr\u00e1n acudir a los hospitales\u201d, indic\u00f3 Brugada Molina.<\/p>\n<p>Reiter\u00f3 que en la Ciudad de M\u00e9xico tambi\u00e9n se trabaja en atender otros temas de salud, como lo es la diabetes, la obesidad, las enfermedades cardiovasculares, entre otras.<\/p>\n<p>Record\u00f3 que con el programa Salud que Late Desde los Hogares, que va casa por casa, se visita a las familias para presentarles algunas propuestas y puedan cambiar sus h\u00e1bitos como consumir menos bebidas azucaradas y beber m\u00e1s agua potable, tanto en las escuelas y hogares, adem\u00e1s de hacer alg\u00fan tipo de actividad deportiva.<\/p>\n<p>\u201cHago un llamado tambi\u00e9n a la poblaci\u00f3n a que cambiemos nuestros h\u00e1bitos. Que no consumamos m\u00e1s alimentos azucarados, bebidas azucaradas\u201d, indic\u00f3 Brugada Molina y a\u00f1adi\u00f3 que en el caso de que haya una persona que es pre-diab\u00e9tica se apoyar\u00e1 a la familia a que se realicen actividades conjuntas para que la situaci\u00f3n cambie.<\/p>\n<p>La Semana Nacional de la Salud P\u00fablica se realizar\u00e1 del 6 al 13 de septiembre, tiempo en que personal de las instituciones de Salud, federal y de la Ciudad de M\u00e9xico brindar\u00e1n diversos servicios, entre ellos la atenci\u00f3n y prevenci\u00f3n de adicciones, salud sexual y reproductiva, detecci\u00f3n de s\u00edfilis y VIH, salud mental y consumo de sustancias, detecci\u00f3n de violencia, informaci\u00f3n sobre la menstruaci\u00f3n digna, sobre menopausia, interrupci\u00f3n legal del embarazo, detecci\u00f3n de diabetes, obesidad e hipertensi\u00f3n y prevenci\u00f3n de c\u00e1ncer de mama, c\u00e9rvicouterino y de pr\u00f3stata, entre otros.<\/p>\n<p>Al tomar la palabra, la secretaria de Salud de la Ciudad de M\u00e9xico, Nadine Gasman Zylbermann,\u00a0 destac\u00f3 que la Semana Nacional de Salud tiene como vocaci\u00f3n fortalecer la campa\u00f1a de vacunaci\u00f3n contra el sarampi\u00f3n, enfermedad contagiosa que se previene de manera sencilla con la aplicaci\u00f3n de la vacuna.<\/p>\n<p>La titular de Salud subray\u00f3 que en M\u00e9xico se enfrentan tres principales desaf\u00edos de salud: la obesidad, la diabetes y las enfermedades cardiovasculares. Record\u00f3 que 70% de la poblaci\u00f3n adulta vive con sobrepeso u obesidad, cerca de 30 por ciento presenta hipertensi\u00f3n y alrededor de 14 por ciento padece diabetes. A ello se suma la importancia de atender la salud mental y de proteger a la ni\u00f1ez frente a enfermedades prevenibles.<\/p>\n<p>La funcionaria explic\u00f3 que las actividades de esta Semana Nacional se estructuran en cinco ejes centrales: prevenci\u00f3n y control de enfermedades; salud materna, infantil y adolescente; mental y bienestar; determinantes sociales de la salud; participaci\u00f3n comunitaria y promoci\u00f3n de entornos saludables.<\/p>\n<p>Resalt\u00f3 el impulso de la Jefa de Gobierno para consolidar una ciudad m\u00e1s saludable, donde la prevenci\u00f3n y el cuidado cotidiano son ejes de la pol\u00edtica p\u00fablica.<\/p>\n<p>\u201cEstamos construyendo una ciudad que produce salud y bienestar para todas y todos. La salud no s\u00f3lo est\u00e1 en los hospitales, tambi\u00e9n en los hogares, en las calles y en las comunidades\u201d, afirm\u00f3 Gasman.<\/p>\n<p>Por su parte, el director general del Centro Nacional de Prevenci\u00f3n y Control de Enfermedades, Rafael Ricardo Valdez V\u00e1zquez, dijo que la tarea del sector salud es una responsabilidad colectiva compartida por instituciones como familias y comunidades enteras.<\/p>\n<p>\u00abEste a\u00f1o la Semana Nacional de Salud se renueva con una visi\u00f3n m\u00e1s integral, comunitaria e intersectorial, reconociendo que la salud est\u00e1 determinada por lo que comemos, vivimos, cu\u00e1nto nos movemos, c\u00f3mo gestionamos nuestras emociones y qu\u00e9 decisiones tomamos cada d\u00eda\u201d, indic\u00f3 Valdez V\u00e1zquez.<\/p>\n<p>En esta edici\u00f3n de la Semana Nacional de Salud se abordar\u00e1n tres compromisos muy claros: Hoy y ma\u00f1ana sin comida chatarra, hoy y ma\u00f1ana hago ejercicio, hoy y ma\u00f1ana sin bebidas azucaradas.<\/p>\n<p>\u201cNo se trata de prohibici\u00f3n, sino de elecciones conscientes, se trata de crear una cultura del autocuidado desde la infancia; nuestras escuelas, hogares espacios p\u00fablicos y centros de trabajo, porque est\u00e1 demostrado que estas tres decisiones redundan de manera significativa en riesgos de enfermedades cr\u00f3nicas\u00bb, expuso Valdez V\u00e1zquez.<\/p>\n","protected":false},"excerpt":{"rendered":"<p>\u201cQuiero convocar a la poblaci\u00f3n a que se vacune, a toda la poblaci\u00f3n de la Ciudad de M\u00e9xico que se vacune contra el sarampi\u00f3n; de seis meses a 50 a\u00f1os de edad, hay vacunas suficientes para lograrlo\u201d, enfatiz\u00f3 la mandataria capitalina ante funcionarios de Salud del gobierno federal y de la Ciudad de M\u00e9xico\u201d.  FOTO: Especial<\/p>\n","protected":false},"author":1,"featured_media":191570,"comment_status":"open","ping_status":"closed","sticky":false,"template":"","format":"standard","meta":{"footnotes":""},"categories":[35],"tags":[878,877,85,192,875,879,880,874,876],"class_list":["post-191568","post","type-post","status-publish","format-standard","has-post-thumbnail","hentry","category-cdmx","tag-50-anos","tag-6-meses","tag-cdmx","tag-clara-brugada","tag-gobierno","tag-nadine-gasman-zylbermann","tag-salud","tag-sarampion","tag-vacuna"],"amp_enabled":true,"_links":{"self":[{"href":"https:\/\/reportegam.com\/index.php\/wp-json\/wp\/v2\/posts\/191568","targetHints":{"allow":["GET"]}}],"collection":[{"href":"https:\/\/reportegam.com\/index.php\/wp-json\/wp\/v2\/posts"}],"about":[{"href":"https:\/\/reportegam.com\/index.php\/wp-json\/wp\/v2\/types\/post"}],"author":[{"embeddable":true,"href":"https:\/\/reportegam.com\/index.php\/wp-json\/wp\/v2\/users\/1"}],"replies":[{"embeddable":true,"href":"https:\/\/reportegam.com\/index.php\/wp-json\/wp\/v2\/comments?post=191568"}],"version-history":[{"count":1,"href":"https:\/\/reportegam.com\/index.php\/wp-json\/wp\/v2\/posts\/191568\/revisions"}],"predecessor-version":[{"id":191569,"href":"https:\/\/reportegam.com\/index.php\/wp-json\/wp\/v2\/posts\/191568\/revisions\/191569"}],"wp:featuredmedia":[{"embeddable":true,"href":"https:\/\/reportegam.com\/index.php\/wp-json\/wp\/v2\/media\/191570"}],"wp:attachment":[{"href":"https:\/\/reportegam.com\/index.php\/wp-json\/wp\/v2\/media?parent=191568"}],"wp:term":[{"taxonomy":"category","embeddable":true,"href":"https:\/\/reportegam.com\/index.php\/wp-json\/wp\/v2\/categories?post=191568"},{"taxonomy":"post_tag","embeddable":true,"href":"https:\/\/reportegam.com\/index.php\/wp-json\/wp\/v2\/tags?post=191568"}],"curies":[{"name":"wp","href":"https:\/\/api.w.org\/{rel}","templated":true}]}}