{"id":191548,"date":"2025-09-05T22:08:35","date_gmt":"2025-09-06T04:08:35","guid":{"rendered":"https:\/\/reportegam.com\/?p=191548"},"modified":"2025-09-06T04:08:37","modified_gmt":"2025-09-06T04:08:37","slug":"trabajan-legisladores-cdmx-para-mejorar-transporte-publico","status":"publish","type":"post","link":"https:\/\/reportegam.com\/index.php\/2025\/09\/05\/trabajan-legisladores-cdmx-para-mejorar-transporte-publico\/","title":{"rendered":"Trabajan legisladores CDMX para mejorar transporte p\u00fablico"},"content":{"rendered":"<h4>Jos\u00e9 Mar\u00eda Raccorta \/ CDMX Magac\u00edn<\/h4>\n<hr \/>\n<p>Diputados del Congreso de la Ciudad de M\u00e9xico se reunieron con l\u00edderes de diversas organizaciones de transportistas para abordar las problem\u00e1ticas del sector, como la falta de apoyo, la precarizaci\u00f3n de las unidades y la necesidad de una actualizaci\u00f3n de tarifas. El objetivo es construir soluciones a largo plazo para mejorar la movilidad de millones de personas y ofrecer condiciones dignas a los transportistas.<\/p>\n<p>Pablo Trejo P\u00e9rez, organizador del evento, reconoci\u00f3 la legitimidad de las demandas de los transportistas, quienes enfrentan un aumento en los costos de operaci\u00f3n debido a los precios del di\u00e9sel, la gasolina y el gas, as\u00ed como la necesidad de renovar sus veh\u00edculos.<\/p>\n<p>&nbsp;<\/p>\n<blockquote>\n<h3 style=\"text-align: center;\"><em><strong>\u201cPrecisamente lo que estamos haciendo aqu\u00ed es tratar de construir, c\u00f3mo lo construimos y c\u00f3mo de aqu\u00ed en adelante buscamos que en lugar de que se deteriore su parque vehicular, que tengan condiciones precarias, las cosas vayan mejorando\u201d, expres\u00f3 Trejo.<\/strong><\/em><\/h3>\n<\/blockquote>\n<p>&nbsp;<\/p>\n<p>El Diputado por el Distrito 15 de Iztacalco destac\u00f3 que las inquietudes del sector ser\u00e1n transformadas en propuestas legislativas s\u00f3lidas y duraderas. \u201cTenemos que construir un marco jur\u00eddico s\u00f3lido para que se mantenga en el tiempo, que sea aplicable y que realmente beneficie al sector\u201d, afirm\u00f3.<\/p>\n<p>Entre las propuestas que se est\u00e1n analizando se encuentran la creaci\u00f3n de un \u00edndice de costo del transporte concesionado para dar transparencia y objetividad a la actualizaci\u00f3n de tarifas, y un fondo de renovaci\u00f3n vehicular a trav\u00e9s de un programa de chatarrizaci\u00f3n.<\/p>\n<p>Enfatiz\u00f3 que la soluci\u00f3n debe ser \u201cviable y sostenible\u201d, y que de nada sirve un aumento de tarifa si no se acompa\u00f1a de un mecanismo que lo mantenga en el tiempo. Por ello, se propone una estrategia de \u201caproximaciones sucesivas\u201d que combine subsidios, apoyo para la renovaci\u00f3n de unidades y un incremento gradual de la tarifa, con el fin de estandarizarla y estabilizarla.<\/p>\n<p>Trejo P\u00e9rez subray\u00f3 la importancia del momento actual, pues el pr\u00f3ximo paquete econ\u00f3mico es la oportunidad ideal para incluir las propuestas del sector y que los apoyos al transporte tengan reglas claras y sean permanentes. Asimismo, agradeci\u00f3 la presencia de las organizaciones de transportistas y reconoci\u00f3 el trabajo diario que realizan para sostener la movilidad de la ciudad.<\/p>\n<p>Por su parte, la diputada X\u00f3chitl Bravo Espinosa asever\u00f3 que el Grupo Parlamentario de Morena en el Congreso capitalino se ha reunido con diversas organizaciones del transporte p\u00fablico concesionado, porque se deben escuchar todas las voces. Se\u00f1al\u00f3 que si bien todas exigen un incremento a las tarifas, tambi\u00e9n presentaron otras demandas, como la renovaci\u00f3n del parque vehicular.<\/p>\n<p>Al respecto, la Coordinadora de la Bancada guinda invit\u00f3 a los transportistas a participar en un foro que se llevar\u00e1 a cabo a finales de septiembre, en el Auditorio \u201cBenito Ju\u00e1rez\u201d, que se ubica en el edificio Z\u00f3calo del Poder Legislativo local.<\/p>\n<p>&nbsp;<\/p>\n<blockquote>\n<h3 style=\"text-align: center;\"><em><strong>\u201cQuiero proponerles la creaci\u00f3n de un foro espec\u00edfico para este sector, rumbo a la armonizaci\u00f3n de la Ley de Movilidad (\u2026). Les propongo realizarlo el viernes 26 de septiembre, a las 10 de la ma\u00f1ana, porque s\u00ed nos vamos a tardar escuchando a todos. Hay que entrarle de a de veras\u201d, subray\u00f3 Bravo.<\/strong><\/em><\/h3>\n<\/blockquote>\n<p>&nbsp;<\/p>\n<p>En ese contexto, coment\u00f3 que tambi\u00e9n ha recibido a organizaciones ciudadanas que demandan que los conductores del transporte p\u00fablico concesionado transiten con precauci\u00f3n y a la velocidad permitida, ya que son frecuentes los accidentes viales provocados por \u00e9stos.<\/p>\n<p>Enrique Hern\u00e1ndez, representante del Frente Amplio de Transportistas (FAT), asegur\u00f3 que sin un incremento en la tarifa el sector est\u00e1 \u201cahogado y \u201cquebrado\u201d. Explic\u00f3 que a lo largo de varios meses han trabajado de cerca con el Gobierno de la Ciudad de M\u00e9xico para plantear esta situaci\u00f3n de manera directa. Subray\u00f3 que, a diferencia de otras ocasiones, han encontrado una coincidencia de posturas, lo que abre la oportunidad de modificar la ley para vincular la tarifa a estudios t\u00e9cnicos que los propios transportistas entregan anualmente.<\/p>\n<p>Tambi\u00e9n destac\u00f3 la oportunidad que representa el trabajo con los legisladores, como la diputada X\u00f3chitl Bravo y el diputado Pablo Trejo, para incluir sus demandas en la agenda legislativa. Enfatiz\u00f3 la importancia del sector, ya que movilizan a seis de cada diez usuarios del transporte en la ciudad, y agradeci\u00f3 la voluntad pol\u00edtica de los diputados para construir en armon\u00eda soluciones duraderas que beneficien a los transportistas y a la ciudadan\u00eda.<\/p>\n<p>Por su parte, Alejandro Luna, coordinador de Movilidad de Vanguardia (MOVA), reconoci\u00f3 la apertura del Congreso de la Ciudad de M\u00e9xico para dialogar con el sector. Luna, cuya organizaci\u00f3n representa el 52% del transporte concesionado, afirm\u00f3 que la crisis que atraviesan es una realidad de d\u00e9cadas que debe resolverse de manera institucional. \u00abHoy son tiempos de construir. Y creo que se construye, no en las calles, se construye con las instituciones\u00bb, puntualiz\u00f3.<\/p>\n<p>Resalt\u00f3 la necesidad de invertir en infraestructura, tecnolog\u00eda y unidades vehiculares que cumplan con los est\u00e1ndares de bajas emisiones, especialmente con la transici\u00f3n hacia la electromovilidad. Afirm\u00f3 que, para lograrlo, es indispensable que el Gobierno de la Ciudad de M\u00e9xico acompa\u00f1e a los transportistas con recursos p\u00fablicos a trav\u00e9s de subsidios a la movilidad, no a los empresarios. Por \u00faltimo, enfatiz\u00f3 que el objetivo de estos esfuerzos es mejorar el servicio y profesionalizar la operaci\u00f3n, siempre poniendo al usuario en el centro del esfuerzo.<\/p>\n<p>Mientras que Alejandro Ch\u00e1vez, l\u00edder social de la Ciudad de M\u00e9xico, destac\u00f3 la importancia de unificar a los transportistas para lograr avances significativos. Subray\u00f3 que, adem\u00e1s del an\u00e1lisis t\u00e9cnico propuesto por el diputado Trejo, el foro del 26 de septiembre ser\u00e1 una oportunidad clave para avanzar en la armonizaci\u00f3n de la Ley de Movilidad.<\/p>\n<p>Para optimizar la participaci\u00f3n en el foro, Ch\u00e1vez propuso una reuni\u00f3n de trabajo previa con el diputado Trejo, donde cada colectivo presente sus propuestas. \u00abQue nos podamos reunir todas y todos, quiz\u00e1 alguna comisi\u00f3n de cada representaci\u00f3n, para hacer una mesa de trabajo con una metodolog\u00eda para abordar el tema del foro\u00bb, detall\u00f3. Concluy\u00f3 que, gracias a la voluntad pol\u00edtica de los legisladores y del gobierno, es el momento id\u00f3neo para avanzar en las demandas del sector.<\/p>\n<p>El diputado Trejo P\u00e9rez concluy\u00f3 felicitando a los participantes por haber planteado sus propuestas con respeto y entusiasmo. \u00abVamos a unirnos y van a ver c\u00f3mo van a salir algunas cosas\u201d, asegur\u00f3 el legislador. Ambos diputados reiteraron su compromiso de trabajar de la mano con los transportistas y autoridades para lograr una soluci\u00f3n integral y duradera.<\/p>\n","protected":false},"excerpt":{"rendered":"<p>El Diputado Pablo Trejo destac\u00f3 que las inquietudes del sector ser\u00e1n transformadas en propuestas legislativas s\u00f3lidas y duraderas. \u201cTenemos que construir un marco jur\u00eddico s\u00f3lido para que se mantenga en el tiempo, que sea aplicable y que realmente beneficie al sector\u201d, afirm\u00f3.  FOTO: Especial<\/p>\n","protected":false},"author":1,"featured_media":191550,"comment_status":"open","ping_status":"closed","sticky":false,"template":"","format":"standard","meta":{"footnotes":""},"categories":[23,106],"tags":[865,864,85,862,868,867,357,866,101,863,75],"class_list":["post-191548","post","type-post","status-publish","format-standard","has-post-thumbnail","hentry","category-congreso-cdmx","category-iztacalco","tag-alejandro-chavez","tag-alejandro-luna","tag-cdmx","tag-distrito-15","tag-enrique-hernandez","tag-frente-amplio-de-transportistas","tag-iztacalco","tag-mova","tag-pablo-trejo","tag-transportistas","tag-xochitl-bravo"],"amp_enabled":true,"_links":{"self":[{"href":"https:\/\/reportegam.com\/index.php\/wp-json\/wp\/v2\/posts\/191548","targetHints":{"allow":["GET"]}}],"collection":[{"href":"https:\/\/reportegam.com\/index.php\/wp-json\/wp\/v2\/posts"}],"about":[{"href":"https:\/\/reportegam.com\/index.php\/wp-json\/wp\/v2\/types\/post"}],"author":[{"embeddable":true,"href":"https:\/\/reportegam.com\/index.php\/wp-json\/wp\/v2\/users\/1"}],"replies":[{"embeddable":true,"href":"https:\/\/reportegam.com\/index.php\/wp-json\/wp\/v2\/comments?post=191548"}],"version-history":[{"count":1,"href":"https:\/\/reportegam.com\/index.php\/wp-json\/wp\/v2\/posts\/191548\/revisions"}],"predecessor-version":[{"id":191549,"href":"https:\/\/reportegam.com\/index.php\/wp-json\/wp\/v2\/posts\/191548\/revisions\/191549"}],"wp:featuredmedia":[{"embeddable":true,"href":"https:\/\/reportegam.com\/index.php\/wp-json\/wp\/v2\/media\/191550"}],"wp:attachment":[{"href":"https:\/\/reportegam.com\/index.php\/wp-json\/wp\/v2\/media?parent=191548"}],"wp:term":[{"taxonomy":"category","embeddable":true,"href":"https:\/\/reportegam.com\/index.php\/wp-json\/wp\/v2\/categories?post=191548"},{"taxonomy":"post_tag","embeddable":true,"href":"https:\/\/reportegam.com\/index.php\/wp-json\/wp\/v2\/tags?post=191548"}],"curies":[{"name":"wp","href":"https:\/\/api.w.org\/{rel}","templated":true}]}}