{"id":191388,"date":"2025-08-06T21:42:11","date_gmt":"2025-08-07T03:42:11","guid":{"rendered":"https:\/\/reportegam.com\/?p=191388"},"modified":"2025-08-07T03:42:14","modified_gmt":"2025-08-07T03:42:14","slug":"cdmx-carece-de-planes-de-desarrollo-y-ordenamiento-desde-2018","status":"publish","type":"post","link":"https:\/\/reportegam.com\/index.php\/2025\/08\/06\/cdmx-carece-de-planes-de-desarrollo-y-ordenamiento-desde-2018\/","title":{"rendered":"CDMX carece de planes de desarrollo y ordenamiento desde 2018"},"content":{"rendered":"<h4>\u00d3scar V. Machado \/ CDMX Magac\u00edn<\/h4>\n<hr \/>\n<p>\u201cEn la Ciudad de M\u00e9xico no hay l\u00f3gica de planeaci\u00f3n porque no existe planeaci\u00f3n, la Constituci\u00f3n capitalina lo orden\u00f3 desde 2018, pero ya llevamos dos Jefas de Gobierno y no existe un Plan General de Desarrollo ni un Programa General de Ordenamiento Territorial\u201d, cuestiona Mayela Delgadillo, integrante del Frente Ciudadano \u201cSalvemos la Ciudad\u201d.<\/p>\n<p>El Plan General de Desarrollo tiene una vigencia de 20 a\u00f1os y el Programa General de Ordenamiento Territorial (PGOT) de 7, con actualizaciones cada 5 a\u00f1os, y as\u00ed se hizo para que no coincidieran con el gobierno en turno, pero al parecer no los quieren poner en marcha porque quieren tener control de todo, porque as\u00ed pueden actuar con toda discrecionalidad, asevera en entrevista.<\/p>\n<p>La Constituci\u00f3n de la Ciudad de M\u00e9xico se promulgo en 2017 y ordenaba que un a\u00f1o despu\u00e9s, tanto el gobierno como el Congreso lo echar\u00e1n a andar, pero han venido cambiando los transitorios para ir aplazando que se instituya, recuerda la activista que fue diputada Constituyente.<\/p>\n<p>Cita que en su art\u00edculo 15, la Carta Magna capitalina establece que el PGOT tendr\u00e1 por objeto la cohesi\u00f3n social, el desarrollo sustentable, el mejoramiento de la calidad de vida de sus habitantes, el equilibrio territorial y la transformaci\u00f3n econ\u00f3mica. \u201cA este Plan General deben sujetarse los planes, programas, pol\u00edticas y proyectos p\u00fablicos, su observancia ser\u00e1 de car\u00e1cter obligatorio para el sector p\u00fablico y regulatorio e indicativo para los dem\u00e1s sectores\u201d.<\/p>\n<p>Mayela Delgadillo explica que el Instituto de Planeaci\u00f3n Democr\u00e1tica y Prospectiva de la Ciudad de M\u00e9xico seria el responsable de elaborar el plan y programa, \u201cpero tiene un pobre presupuesto de 30 millones de pesos, nunca ha estado completo en su directorio, el plan tendr\u00eda que ser consensado y\u00a0 elaborado el diagnostico con la ciudadan\u00eda, pero se ha rechazado 3 veces el documento porque nunca han hecho consultas reales.<\/p>\n<p>En los \u00faltimos 3 a\u00f1os, en tres ocasiones se ha presentado un proyecto, pero no cubr\u00edan los m\u00ednimos requisitos en t\u00e9rminos de metodolog\u00eda ni programa, no se sometieron a consulta, no se elaboraron con la ciudadan\u00eda como dice la Constituci\u00f3n, por eso hubo reclamos, se interpusieron amparos y por eso se cay\u00f3 3 veces, se\u00f1ala la activista ciudadana.<\/p>\n<p>A un a\u00f1o que cumpla Clara Brugada en el gobierno, dijeron que en octubre iba a tener el Plan General de Desarrollo y el Programa General de Ordenamiento Territorial, pero ni siquiera han integrado de forma completa el Instituto de Planeaci\u00f3n Democr\u00e1tica y Prospectiva, que ser\u00eda el primer requisito para sacar estos dos documentos.<\/p>\n<p>\u201cEl Bando 1 no tendr\u00eda raz\u00f3n de ser si existieran el Plan General de Gobierno y el Programa General de Ordenamiento Territorial porque habr\u00eda una planeaci\u00f3n de la ciudad y a partir de eso se ver\u00eda sus efectos\u201d, afirma.<\/p>\n<p>Ya tenemos como 4 a\u00f1os peleando y seguimos sin Plan de Desarrollo ni Programa de Ordenamiento Territorial, pas\u00f3 la pandemia y 5 a\u00f1os despu\u00e9s nada, apunta la integrante del Frente Ciudadano \u201cSalvemos la Ciudad\u201d.<\/p>\n","protected":false},"excerpt":{"rendered":"<p>\u201cEn la Ciudad de M\u00e9xico no hay l\u00f3gica de planeaci\u00f3n porque no existe planeaci\u00f3n, la Constituci\u00f3n capitalina lo orden\u00f3 desde 2018, pero ya llevamos dos Jefas de Gobierno y no existe un Plan General de Desarrollo ni un Programa General de Ordenamiento Territorial\u201d, cuestiona Mayela Delgadillo, integrante del Frente Ciudadano \u201cSalvemos la Ciudad\u201d.  FOTOS: Cuartoscuro \/ Especial<\/p>\n","protected":false},"author":1,"featured_media":191390,"comment_status":"open","ping_status":"closed","sticky":false,"template":"","format":"standard","meta":{"footnotes":""},"categories":[35],"tags":[88,85,741,743,744,742,653],"class_list":["post-191388","post","type-post","status-publish","format-standard","has-post-thumbnail","hentry","category-cdmx","tag-brugada","tag-cdmx","tag-mayela-delgadillo","tag-plan-general-de-desarrollo","tag-programa-general-de-ordenamiento-territorial","tag-salvemos-la-ciudad","tag-sheinbaum"],"amp_enabled":true,"_links":{"self":[{"href":"https:\/\/reportegam.com\/index.php\/wp-json\/wp\/v2\/posts\/191388","targetHints":{"allow":["GET"]}}],"collection":[{"href":"https:\/\/reportegam.com\/index.php\/wp-json\/wp\/v2\/posts"}],"about":[{"href":"https:\/\/reportegam.com\/index.php\/wp-json\/wp\/v2\/types\/post"}],"author":[{"embeddable":true,"href":"https:\/\/reportegam.com\/index.php\/wp-json\/wp\/v2\/users\/1"}],"replies":[{"embeddable":true,"href":"https:\/\/reportegam.com\/index.php\/wp-json\/wp\/v2\/comments?post=191388"}],"version-history":[{"count":1,"href":"https:\/\/reportegam.com\/index.php\/wp-json\/wp\/v2\/posts\/191388\/revisions"}],"predecessor-version":[{"id":191389,"href":"https:\/\/reportegam.com\/index.php\/wp-json\/wp\/v2\/posts\/191388\/revisions\/191389"}],"wp:featuredmedia":[{"embeddable":true,"href":"https:\/\/reportegam.com\/index.php\/wp-json\/wp\/v2\/media\/191390"}],"wp:attachment":[{"href":"https:\/\/reportegam.com\/index.php\/wp-json\/wp\/v2\/media?parent=191388"}],"wp:term":[{"taxonomy":"category","embeddable":true,"href":"https:\/\/reportegam.com\/index.php\/wp-json\/wp\/v2\/categories?post=191388"},{"taxonomy":"post_tag","embeddable":true,"href":"https:\/\/reportegam.com\/index.php\/wp-json\/wp\/v2\/tags?post=191388"}],"curies":[{"name":"wp","href":"https:\/\/api.w.org\/{rel}","templated":true}]}}