{"id":191274,"date":"2025-07-22T20:45:01","date_gmt":"2025-07-23T02:45:01","guid":{"rendered":"https:\/\/reportegam.com\/?p=191274"},"modified":"2025-07-23T02:45:05","modified_gmt":"2025-07-23T02:45:05","slug":"encinas-quiere-superar-todas-las-preocupaciones-del-bando-1","status":"publish","type":"post","link":"https:\/\/reportegam.com\/index.php\/2025\/07\/22\/encinas-quiere-superar-todas-las-preocupaciones-del-bando-1\/","title":{"rendered":"Encinas quiere superar todas las preocupaciones del Bando 1"},"content":{"rendered":"<h4>Alejandro Lelo de Larrea \/ CDMX Magac\u00edn<\/h4>\n<hr \/>\n<p>El secretario de Planeaci\u00f3n, Ordenamiento Territorial y Coordinaci\u00f3n Metropolitana, Alejandro Encinas, explic\u00f3 la mec\u00e1nica y los temas que se discutir\u00e1n en los di\u00e1logos contra la gentrificaci\u00f3n, a fin de aterrizar todo un proyecto que va a estar englobado en el Bando 1, que debe ser resultado de un muy amplio proceso de planeaci\u00f3n participativa y democr\u00e1tica, particularmente con los vecinos y las comunidades que han sido afectadas por el fen\u00f3meno de la gentrificaci\u00f3n.<\/p>\n<p>\u201cVamos a iniciar ya los foros de consulta, este viernes 25 de julio en el Museo de la Ciudad de M\u00e9xico, donde habr\u00e1 un primer foro detonante, de todos los eventos que vamos a desarrollar en las pr\u00f3ximas semanas\u201d, expuso Encinas Rodr\u00edguez.<\/p>\n<p>El funcionario destac\u00f3 que los di\u00e1logos van a estar integrados en tres grandes agregados.<\/p>\n<p>\u201cEl primero, en di\u00e1logos territoriales, del cual esperamos emerja el dise\u00f1o del Plan Maestro en el pol\u00edgono de actuaci\u00f3n que hemos definido en estas 12 colonias de las alcald\u00edas Miguel Hidalgo y Cuauht\u00e9moc, en donde, entre el 28 de julio y el 9 de agosto, estaremos llevando a cabo di\u00e1logos territoriales en las colonias Condesa, Hip\u00f3dromo, Hip\u00f3dromo Condesa, Roma Norte, Roma Sur, la Colonia Ju\u00e1rez, Escand\u00f3n, Doctores y San Miguel Chapultepec\u201d.<\/p>\n<p>&nbsp;<\/p>\n<p><strong>Di\u00e1logos sectoriales en agosto<\/strong><\/p>\n<p>Coment\u00f3 que van a ir dando a conocer cu\u00e1les son las fechas, los lugares, los horarios, donde se van a desarrollar estos di\u00e1logos, que por supuesto contemplan espacios p\u00fablicos como el Parque Espa\u00f1a, la Plaza de los Compositores, el Parque M\u00e9xico, la Plaza Popocat\u00e9petl, el jard\u00edn Ram\u00f3n L\u00f3pez Velarde, la propia Zona Rosa, para que haya la mayor participaci\u00f3n comunitaria posible.<\/p>\n<figure id=\"attachment_28035\" aria-describedby=\"caption-attachment-28035\" style=\"width: 385px\" class=\"wp-caption alignright\"><img fetchpriority=\"high\" decoding=\"async\" class=\"wp-image-28035 size-full\" src=\"https:\/\/reportegam.com\/wp-content\/uploads\/2025\/07\/PIE-DE-FOTO-INTI-MUNOZ.jpeg\" alt=\"El secretario de Vivienda, Inti Mu\u00f1oz, encabezar\u00e1 un censo de las personas que han sido desplazadas de las colonias que m\u00e1s han producido gentrificaci\u00f3n, porque el plan es regresarlos a sus sitios de origen.\" width=\"385\" height=\"373\" \/><figcaption id=\"caption-attachment-28035\" class=\"wp-caption-text\">El secretario de Vivienda, Inti Mu\u00f1oz, encabezar\u00e1 un censo de las personas que han sido desplazadas de las colonias que m\u00e1s han producido gentrificaci\u00f3n, porque el plan es regresarlos a sus sitios de origen.<\/figcaption><\/figure>\n<p>\u201cEl segundo bloque son los di\u00e1logos sectoriales, que se desarrollar\u00e1n entre el 1 y el 29 de agosto, se atender\u00e1n en lo particular nueve componentes: el asunto vinculado con una poblaci\u00f3n prioritaria de los j\u00f3venes, y todas las personas afectadas en su derecho a la vivienda; la consulta con colectivos urbanos locales, particularmente los residentes de las zonas de presi\u00f3n inmobiliaria; los colectivos de desplazados; los arrendadores; los colectivos art\u00edsticos y culturales; los movimientos urbanos; los desarrolladores inmobiliarios; los anfitriones de plataformas de vivienda de renta de corta estancia, y todo lo que se refiere a comercio y emprendedores locales, para los cuales ya se ir\u00e1n anunciando medidas especiales\u201d, detall\u00f3 el secretario.<\/p>\n<p>Finalmente, \u201cel tercer componente ser\u00e1n los foros tem\u00e1ticos, que se desarrollar\u00e1n entre el 11 y el 29 de agosto, para poder arribar al mes de septiembre ya con toda la informaci\u00f3n y las propuestas sistematizadas, en donde los foros tem\u00e1ticos abordar\u00e1n el fen\u00f3meno integral de gentrificaci\u00f3n, la Ley de Rentas Justas, Razonables y Asequibles, la Defensor\u00eda de los Derechos Inquilinarios, las zonas de tensi\u00f3n inmobiliaria, la producci\u00f3n de suelo y vivienda asequible en las zonas de tensi\u00f3n inmobiliaria, el mejoramiento de vivienda, la regulaci\u00f3n de precios de rentas, junto con el \u00edndice de precios de Alquiler Razonable\u201d, puntualiz\u00f3 Alejandro Encinas, quien dijo esperar que al final de la consulta hayan retomado todas las preocupaciones que se han venido expresando en las \u00faltimas semanas en estos sectores de la ciudad\u201d. (<em>ALL<\/em>)<\/p>\n<p>&nbsp;<\/p>\n<p>FOTOS: Especial<\/p>\n<p>&nbsp;<\/p>\n<p>&nbsp;<\/p>\n<p>&nbsp;<\/p>\n<p>&nbsp;<\/p>\n","protected":false},"excerpt":{"rendered":"<p>\u201cVamos a iniciar ya los foros de consulta, este viernes 25 de julio en el Museo de la Ciudad de M\u00e9xico, donde habr\u00e1 un primer foro detonante, de todos los eventos que vamos a desarrollar en las pr\u00f3ximas semanas\u201d, expuso Encinas Rodr\u00edguez.<\/p>\n","protected":false},"author":1,"featured_media":191276,"comment_status":"open","ping_status":"closed","sticky":false,"template":"","format":"standard","meta":{"footnotes":""},"categories":[35],"tags":[88,642,625,638,643,351],"class_list":["post-191274","post","type-post","status-publish","format-standard","has-post-thumbnail","hentry","category-cdmx","tag-brugada","tag-desgrentrificacion","tag-encinas","tag-foros","tag-inti-munoz","tag-plan-maestro"],"amp_enabled":true,"_links":{"self":[{"href":"https:\/\/reportegam.com\/index.php\/wp-json\/wp\/v2\/posts\/191274","targetHints":{"allow":["GET"]}}],"collection":[{"href":"https:\/\/reportegam.com\/index.php\/wp-json\/wp\/v2\/posts"}],"about":[{"href":"https:\/\/reportegam.com\/index.php\/wp-json\/wp\/v2\/types\/post"}],"author":[{"embeddable":true,"href":"https:\/\/reportegam.com\/index.php\/wp-json\/wp\/v2\/users\/1"}],"replies":[{"embeddable":true,"href":"https:\/\/reportegam.com\/index.php\/wp-json\/wp\/v2\/comments?post=191274"}],"version-history":[{"count":1,"href":"https:\/\/reportegam.com\/index.php\/wp-json\/wp\/v2\/posts\/191274\/revisions"}],"predecessor-version":[{"id":191275,"href":"https:\/\/reportegam.com\/index.php\/wp-json\/wp\/v2\/posts\/191274\/revisions\/191275"}],"wp:featuredmedia":[{"embeddable":true,"href":"https:\/\/reportegam.com\/index.php\/wp-json\/wp\/v2\/media\/191276"}],"wp:attachment":[{"href":"https:\/\/reportegam.com\/index.php\/wp-json\/wp\/v2\/media?parent=191274"}],"wp:term":[{"taxonomy":"category","embeddable":true,"href":"https:\/\/reportegam.com\/index.php\/wp-json\/wp\/v2\/categories?post=191274"},{"taxonomy":"post_tag","embeddable":true,"href":"https:\/\/reportegam.com\/index.php\/wp-json\/wp\/v2\/tags?post=191274"}],"curies":[{"name":"wp","href":"https:\/\/api.w.org\/{rel}","templated":true}]}}