{"id":191270,"date":"2025-07-22T20:41:13","date_gmt":"2025-07-23T02:41:13","guid":{"rendered":"https:\/\/reportegam.com\/?p=191270"},"modified":"2025-07-23T02:41:16","modified_gmt":"2025-07-23T02:41:16","slug":"bando-1-solo-es-parteaguas-de-estrategia-global-contra-gentrificacion-brugada","status":"publish","type":"post","link":"https:\/\/reportegam.com\/index.php\/2025\/07\/22\/bando-1-solo-es-parteaguas-de-estrategia-global-contra-gentrificacion-brugada\/","title":{"rendered":"Bando 1 s\u00f3lo es parteaguas de estrategia global contra gentrificaci\u00f3n: Brugada"},"content":{"rendered":"<h4>Alejandro Lelo de Larrea \/ CDMX Magac\u00edn<\/h4>\n<hr \/>\n<p>La jefa de gobierno Clara Brugada anunci\u00f3 que el pr\u00f3ximo viernes comenzar\u00e1n los foros para elaborar todo el contenido de pol\u00edticas p\u00fablicas para frenar la gentrificaci\u00f3n en la Ciudad de M\u00e9xico. como parte del Bando 1 que expidi\u00f3 la semana anterior, el cual \u201cno es el punto final, sino el parteaguas\u201d de la estrategia global contra este fen\u00f3meno social.<\/p>\n<p>\u201cEl Gobierno de la ciudad va a hacer uso de las atribuciones que tenemos, tanto en instrumentos legales, administrativos y de planeaci\u00f3n para garantizar que la lucha contra la gentrificaci\u00f3n se concrete y sean una realidad estos 14 puntos que propusimos; pero tambi\u00e9n se llevar\u00e1n a cabo reformas normativas y legislativas, para lograrlo\u201d, expuso Brugada al presentar este martes la siguiente etapa del amplio proyecto de desgentrificaci\u00f3n.<\/p>\n<p>Brugada record\u00f3 que el Bando 1 contempla 14 acciones que son fundamentalmente reformas normativas y legislativas, como la expedici\u00f3n de la Ley de Rentas Justas, Razonables y Asequibles para la Ciudad de M\u00e9xico, definir el \u00edndice de precios de alquiler as\u00ed como, concretar el tema de la regulaci\u00f3n de las plataformas de alojamiento temporal. Tambi\u00e9n faltar\u00eda el instrumento legal que equilibre la relaci\u00f3n entre arrendadores y arrendatarios, as\u00ed como un \u00f3rgano p\u00fablico ser\u00eda la Defensor\u00eda Inquilinaria, as\u00ed como el rescate a los comercios de las colonias impactadas.<\/p>\n<p>&nbsp;<\/p>\n<p><strong>\u201cNo aceptamos exclusi\u00f3n\u201d<\/strong><\/p>\n<p>En conferencia de prensa, en que estuvo acompa\u00f1ada de funcionarios clave para el tema de la implementaci\u00f3n del Bando Uno, como el titular de la Secretar\u00eda de Vivienda, Inti Mu\u00f1oz, y el de Planeaci\u00f3n, Ordenamiento Territorial y Coordinaci\u00f3n Metropolitana, Alejandro Encinas, Brugada enfatiz\u00f3 que el Bando 1 tiene un mensaje claro: \u201cNo aceptamos que el desarrollo signifique exclusi\u00f3n, desarraigo o desplazamiento y sobre esos temas, es donde queremos actuar: sobre cuatro ejes o principios rectores, que tiene nuestra pol\u00edtica p\u00fablica\u201d.<\/p>\n<p>Explicaron que en el Bando 1 se va a privilegiar el derecho de las personas a permanecer en el lugar donde se ha construido la comunidad. La prioridad del inter\u00e9s y bienestar social, por encima del lucro especulativo. La defensa de la vida barrial, de los patrimonios culturales, comunitarios \u2013culturales\u2013 y afectivos, que la poblaci\u00f3n va desarrollando en esos lugares. Y la idea fundamental de que la ciudad se debe construir con su gente y para la gente.<\/p>\n<p>\u201cBas\u00e1ndonos en esos criterios, consideramos que el Bando Uno no es el punto final, sino el punto de partida para esta gran estrategia contra la gentrificaci\u00f3n. Hoy anunciamos una jornada amplia de foros, de encuentros y de ejercicios ciudadanos, de di\u00e1logos, de consultas en distintas partes de la ciudad\u201d, dijo Clara Brugada.<\/p>\n<p>&nbsp;<\/p>\n<p><strong>Los foros en territorio<\/strong><\/p>\n<p>Los foros que comenzar\u00e1n este viernes no pretenden ser bajo techo, sino en las calles. Por eso el plan contempla \u201cir a territorio; se va a dialogar con vecinas, con comunidades, sobre sus realidades, y tambi\u00e9n se quiere escuchar a la gente sobre lo qu\u00e9 ocurre, lo qu\u00e9 necesita, y sobre c\u00f3mo podemos construir soluciones que realmente sean justas, eficaces y sostenibles\u201d, expuso Brugada.<\/p>\n<p>Al mismo tiempo, a\u00f1adi\u00f3 \u201cse llevar\u00e1n a cabo mesas de trabajo sectoriales con inquilinos, con arrendadores, con organizaciones vecinales, con colectivos culturales; tambi\u00e9n con comerciantes locales; pero tambi\u00e9n con desarrolladores inmobiliarios, tambi\u00e9n con urbanistas, con expertos en planeaci\u00f3n y con la poblaci\u00f3n que quiera dar un aporte\u201d.<\/p>\n<p>La ruta cr\u00edtica para elaborar todo el proyecto en conjunto con los ciudadanos prev\u00e9 que las reformas que se planteen queden aprobadas por el Congreso de la CDMX a m\u00e1s tardar en noviembre de este a\u00f1o.<\/p>\n<p>\u201cEste viernes vamos a presentar las medidas para simplificar los tr\u00e1mites para acceder a la vivienda en esta ciudad. Luego, en 15 d\u00edas estaremos presentando las propuestas de vivienda para las zonas que hoy llamamos \u2018zonas tensionadas\u2019 y de qu\u00e9 manera vamos a hacer posible, lo que decimos, el derecho a la vivienda\u201d.<\/p>\n<p>Sigui\u00f3: \u201cTercero, en agosto estaremos presentando la propuesta de la Ley de Rentas Justas, Razonables y Asequibles, recuperando los aportes en estos d\u00edas, y posteriormente se someter\u00e1 a discusi\u00f3n. En esta Ley se presentar\u00e1 la propuesta de \u00edndice de precios de alquiler razonable; las propuestas de regulaci\u00f3n y de aplicaci\u00f3n de las plataformas de alojamiento de corta estancia, as\u00ed como la propuesta del organismo p\u00fablico llamado Defensor\u00eda Inquilinaria. Todo ello, en esta propuesta de ley\u201d, expuso la jefa de gobierno.<\/p>\n<p>&nbsp;<\/p>\n<p><strong>Rescate a peque\u00f1os comercios<\/strong><\/p>\n<p>Como cuarto punto, despu\u00e9s de los foros y consultas, en septiembre, con la recuperaci\u00f3n de las aportaciones que se hayan dado en estos foros, mesas, se presentar\u00e1 el Plan Maestro de Desarrollo para las \u201czonas tensionadas\u201d. Y como quinto punto, tambi\u00e9n dentro de 15 d\u00edas a partir de este martes, van a presentar la propuesta de rescate del programa de peque\u00f1o comercio en las zonas tensionadas\u201d.<\/p>\n<p>\u201cEsas son las fechas que brindamos de lo que vamos a presentar, pero a partir de que se arranquen los foros, en fin, pues estaremos tambi\u00e9n recuperando ideas. Y despu\u00e9s de las propuestas, seguiremos proces\u00e1ndolas con la comunidad\u201d, puntualiz\u00f3 Brugada.<\/p>\n<p>&nbsp;<\/p>\n<p>FOTOS: Especial<\/p>\n","protected":false},"excerpt":{"rendered":"<p>La jefa de gobierno Clara Brugada anunci\u00f3 que el pr\u00f3ximo viernes comenzar\u00e1n los foros para elaborar todo el contenido de pol\u00edticas p\u00fablicas para frenar la gentrificaci\u00f3n en la Ciudad de M\u00e9xico. como parte del Bando 1 que expidi\u00f3 la semana anterior, el cual \u201cno es el punto final, sino el parteaguas\u201d de la estrategia global contra este fen\u00f3meno social.  FOTO: Especial<\/p>\n","protected":false},"author":1,"featured_media":191272,"comment_status":"open","ping_status":"closed","sticky":false,"template":"","format":"standard","meta":{"footnotes":""},"categories":[35],"tags":[637,85,192,641,625,638,632,640,639],"class_list":["post-191270","post","type-post","status-publish","format-standard","has-post-thumbnail","hentry","category-cdmx","tag-bando-1","tag-cdmx","tag-clara-brugada","tag-desgentrificacion","tag-encinas","tag-foros","tag-gentrificacion","tag-indice","tag-rentas"],"amp_enabled":true,"_links":{"self":[{"href":"https:\/\/reportegam.com\/index.php\/wp-json\/wp\/v2\/posts\/191270","targetHints":{"allow":["GET"]}}],"collection":[{"href":"https:\/\/reportegam.com\/index.php\/wp-json\/wp\/v2\/posts"}],"about":[{"href":"https:\/\/reportegam.com\/index.php\/wp-json\/wp\/v2\/types\/post"}],"author":[{"embeddable":true,"href":"https:\/\/reportegam.com\/index.php\/wp-json\/wp\/v2\/users\/1"}],"replies":[{"embeddable":true,"href":"https:\/\/reportegam.com\/index.php\/wp-json\/wp\/v2\/comments?post=191270"}],"version-history":[{"count":1,"href":"https:\/\/reportegam.com\/index.php\/wp-json\/wp\/v2\/posts\/191270\/revisions"}],"predecessor-version":[{"id":191271,"href":"https:\/\/reportegam.com\/index.php\/wp-json\/wp\/v2\/posts\/191270\/revisions\/191271"}],"wp:featuredmedia":[{"embeddable":true,"href":"https:\/\/reportegam.com\/index.php\/wp-json\/wp\/v2\/media\/191272"}],"wp:attachment":[{"href":"https:\/\/reportegam.com\/index.php\/wp-json\/wp\/v2\/media?parent=191270"}],"wp:term":[{"taxonomy":"category","embeddable":true,"href":"https:\/\/reportegam.com\/index.php\/wp-json\/wp\/v2\/categories?post=191270"},{"taxonomy":"post_tag","embeddable":true,"href":"https:\/\/reportegam.com\/index.php\/wp-json\/wp\/v2\/tags?post=191270"}],"curies":[{"name":"wp","href":"https:\/\/api.w.org\/{rel}","templated":true}]}}