{"id":190810,"date":"2025-05-09T15:18:25","date_gmt":"2025-05-09T21:18:25","guid":{"rendered":"https:\/\/reportegam.com\/?p=190810"},"modified":"2025-05-09T21:18:28","modified_gmt":"2025-05-09T21:18:28","slug":"el-sistema-publico-de-cuidados-debe-considerar-que-la-maternidad-se-ha-transformado-bravo","status":"publish","type":"post","link":"https:\/\/reportegam.com\/index.php\/2025\/05\/09\/el-sistema-publico-de-cuidados-debe-considerar-que-la-maternidad-se-ha-transformado-bravo\/","title":{"rendered":"El Sistema P\u00fablico de Cuidados debe considerar que la maternidad se ha transformado: Bravo"},"content":{"rendered":"<blockquote>\n<h3 style=\"text-align: center;\"><em><strong>La diputada X\u00f3chitl Bravo Espinosa se\u00f1al\u00f3 que tambi\u00e9n hay que plantear el involucramiento de los hombres en el cuidado de las y los hijos.<\/strong><\/em><\/h3>\n<\/blockquote>\n<hr \/>\n<p>En la discusi\u00f3n de las iniciativas sobre el Sistema P\u00fablico de Cuidados presentadas en el Congreso de la Ciudad de M\u00e9xico deber\u00e1 tomarse en cuenta que la maternidad se ha transformado y que ello implica el involucramiento total de los hombres, asever\u00f3 la diputada X\u00f3chitl Bravo Espinosa.<\/p>\n<p>En el marco del D\u00eda de las Madres, que se celebra cada 10 de mayo, la Coordinadora del Grupo Parlamentario de Morena, explic\u00f3 que los hombres deben participar de lleno en la crianza y el cuidado de las y los hijos, los adultos mayores y los familiares con alguna discapacidad, as\u00ed como en las labores del hogar.<\/p>\n<p>\u201cEn casa, los hombres y las mujeres deben asumir la responsabilidad del cuidado de los hijos; llevarlos a la escuela; participar en sus tareas escolares; alimentarlos; llevarlos al m\u00e9dico, etc. Se trata de que ambos est\u00e9n presentes como un acto de amor\u201d, puntualiz\u00f3.<\/p>\n<p>Detall\u00f3 que el Sistema P\u00fablico de Cuidados \u2013impulsado por la ahora Jefa de Gobierno de la Ciudad de M\u00e9xico, Clara Brugada, cuando fue alcaldesa de Iztapalapa\u2013 ofrece las herramientas necesarias para facilitar a mujeres y hombres el cuidado de los hijos y de la familia en general.<\/p>\n<p>&nbsp;<\/p>\n<figure id=\"attachment_26491\" aria-describedby=\"caption-attachment-26491\" style=\"width: 1024px\" class=\"wp-caption aligncenter\"><img fetchpriority=\"high\" decoding=\"async\" class=\"wp-image-26491 size-large\" src=\"https:\/\/reportegam.com\/wp-content\/uploads\/2025\/05\/El-Sistema-Publico-de-Cuidados-debe-considerar-que-la-maternidad-se-ha-transformado-Bravo-1024x681.jpeg\" alt=\"X\u00f3chitl Bravo reflexion\u00f3 sobre la transformaci\u00f3n que ha habido en la maternidad, a prop\u00f3sito del D\u00eda de las Madres, que se celebra cada 10 de Mayo en M\u00e9xico.\" width=\"1024\" height=\"681\" \/><figcaption id=\"caption-attachment-26491\" class=\"wp-caption-text\">X\u00f3chitl Bravo reflexion\u00f3 sobre la transformaci\u00f3n que ha habido en la maternidad, a prop\u00f3sito del D\u00eda de las Madres, que se celebra cada 10 de Mayo en M\u00e9xico.<\/figcaption><\/figure>\n<p>&nbsp;<\/p>\n<blockquote>\n<h3 style=\"text-align: center;\"><em><strong>La legisladora de Tlalpan tambi\u00e9n destac\u00f3 que la maternidad se asume ahora de forma m\u00e1s tard\u00eda, pues las mujeres j\u00f3venes \u2013principalmente entre 30 y 35 a\u00f1os\u2013 deciden desarrollarse profesionalmente, por lo que atrasan su decisi\u00f3n de embarazarse.<\/strong><\/em><\/h3>\n<\/blockquote>\n<p>&nbsp;<\/p>\n<p>\u201cEn las Utop\u00edas que existen en Iztapalapa se brindan diversos servicios para apoyar a las mujeres y a las madres de familia. Pero tambi\u00e9n se incentiva a los hombres a que asuman su paternidad de manera distinta, no solo como proveedores econ\u00f3micos\u201d, puntualiz\u00f3.<\/p>\n<p>X\u00f3chitl Bravo resalt\u00f3 que los hombres deben asumir que ser padre no solo implica ser proveedor y que son los que salen a trabajar, porque desde hace varios a\u00f1os las mujeres tambi\u00e9n adquirieron esos roles.<\/p>\n<p>\u201cSe debe romper con el machismo y la idea de que el cuidado de las y los hijos y las tareas del hogar son exclusivas de las mujeres. Se debe crear conciencia dentro del sector masculino de que ellos tambi\u00e9n deben asumir estas responsabilidades\u201d, enfatiz\u00f3.<\/p>\n<p>La legisladora de Tlalpan tambi\u00e9n destac\u00f3 que la maternidad se asume ahora de forma m\u00e1s tard\u00eda, pues las mujeres j\u00f3venes \u2013principalmente entre 30 y 35 a\u00f1os\u2013 deciden desarrollarse profesionalmente, por lo que atrasan su decisi\u00f3n de embarazarse.<\/p>\n<p>\u201cLas j\u00f3venes ya no ven como una obligaci\u00f3n ser madre, ni tienen miedo a ser juzgadas por la sociedad, por renunciar o atrasar la posibilidad de tener hijos. Deciden su propia vida y eso incluye la maternidad\u201d, recalc\u00f3.<\/p>\n<p>Respecto a las j\u00f3venes que s\u00ed deciden procrear, se\u00f1al\u00f3 que ejercen su maternidad de manera diferente, porque ya involucran a los hombres en el cuidado de las y los hijos. \u201cPor ejemplo, en los matrimonios que oscilan entre los 30 y 40 a\u00f1os, ambos asumen esta labor. Antes las mujeres eran las \u00fanicas en atender la alimentaci\u00f3n, la salud y otras tareas relacionadas con los hijos y la familia en general\u201d, concluy\u00f3.<\/p>\n","protected":false},"excerpt":{"rendered":"<p>En la discusi\u00f3n de las iniciativas sobre el Sistema P\u00fablico de Cuidados presentadas en el Congreso de la Ciudad de M\u00e9xico deber\u00e1 tomarse en cuenta que la maternidad se ha transformado y que ello implica el involucramiento total de los hombres, asever\u00f3 la diputada X\u00f3chitl Bravo Espinosa.  FOTO: Especial<\/p>\n","protected":false},"author":1,"featured_media":190812,"comment_status":"open","ping_status":"closed","sticky":false,"template":"","format":"standard","meta":{"footnotes":""},"categories":[23,245],"tags":[309,308,75],"class_list":["post-190810","post","type-post","status-publish","format-standard","has-post-thumbnail","hentry","category-congreso-cdmx","category-tlalpan","tag-maternidad","tag-sistema-publico-de-cuidados","tag-xochitl-bravo"],"amp_enabled":true,"_links":{"self":[{"href":"https:\/\/reportegam.com\/index.php\/wp-json\/wp\/v2\/posts\/190810","targetHints":{"allow":["GET"]}}],"collection":[{"href":"https:\/\/reportegam.com\/index.php\/wp-json\/wp\/v2\/posts"}],"about":[{"href":"https:\/\/reportegam.com\/index.php\/wp-json\/wp\/v2\/types\/post"}],"author":[{"embeddable":true,"href":"https:\/\/reportegam.com\/index.php\/wp-json\/wp\/v2\/users\/1"}],"replies":[{"embeddable":true,"href":"https:\/\/reportegam.com\/index.php\/wp-json\/wp\/v2\/comments?post=190810"}],"version-history":[{"count":1,"href":"https:\/\/reportegam.com\/index.php\/wp-json\/wp\/v2\/posts\/190810\/revisions"}],"predecessor-version":[{"id":190811,"href":"https:\/\/reportegam.com\/index.php\/wp-json\/wp\/v2\/posts\/190810\/revisions\/190811"}],"wp:featuredmedia":[{"embeddable":true,"href":"https:\/\/reportegam.com\/index.php\/wp-json\/wp\/v2\/media\/190812"}],"wp:attachment":[{"href":"https:\/\/reportegam.com\/index.php\/wp-json\/wp\/v2\/media?parent=190810"}],"wp:term":[{"taxonomy":"category","embeddable":true,"href":"https:\/\/reportegam.com\/index.php\/wp-json\/wp\/v2\/categories?post=190810"},{"taxonomy":"post_tag","embeddable":true,"href":"https:\/\/reportegam.com\/index.php\/wp-json\/wp\/v2\/tags?post=190810"}],"curies":[{"name":"wp","href":"https:\/\/api.w.org\/{rel}","templated":true}]}}