{"id":190782,"date":"2025-04-26T18:22:23","date_gmt":"2025-04-27T00:22:23","guid":{"rendered":"https:\/\/reportegam.com\/?p=190782"},"modified":"2025-04-27T00:22:27","modified_gmt":"2025-04-27T00:22:27","slug":"alcaldia-bj-celebra-el-dia-de-la-nina-y-del-nino","status":"publish","type":"post","link":"https:\/\/reportegam.com\/index.php\/2025\/04\/26\/alcaldia-bj-celebra-el-dia-de-la-nina-y-del-nino\/","title":{"rendered":"Alcald\u00eda BJ celebra el D\u00eda de la Ni\u00f1a y del Ni\u00f1o"},"content":{"rendered":"<h4>CDMX MAGAC\u00cdN<\/h4>\n<hr \/>\n<p>En el marco de la celebraci\u00f3n del D\u00eda de la Ni\u00f1a y el Ni\u00f1o, la alcald\u00eda Benito Ju\u00e1rez organiz\u00f3 un gran evento con el objetivo de reconocer la importancia de la infancia y fomentar la sana convivencia a trav\u00e9s de actividades recreativas.<\/p>\n<p>El alcalde Luis Mendoza expres\u00f3 su felicidad y gratitud hacia las familias asistentes, destacando el valor de cuidar y proteger a los ni\u00f1os:<\/p>\n<p>\u00abNo quer\u00edamos dejar pasar un d\u00eda tan importante. Quise darles este peque\u00f1o detalle, una muestra de cari\u00f1o para todas las ni\u00f1as, ni\u00f1os y vecinos de Benito Ju\u00e1rez que nos acompa\u00f1an. Queremos que todos los ni\u00f1os se lleven un peque\u00f1o regalo para celebrar su d\u00eda\u00bb, se\u00f1al\u00f3.<\/p>\n<p>El alcalde destac\u00f3 que Benito Ju\u00e1rez es reconocida como la m\u00e1s segura de toda la Ciudad de M\u00e9xico y la segunda a nivel nacional. Al mismo tiempo agradeci\u00f3 a los elementos que conforman Blindar BJ 360\u00ba, quienes tambi\u00e9n cuidan y protegen a las ni\u00f1as y ni\u00f1os de la demarcaci\u00f3n.<\/p>\n<p>\u201cGracias a los esfuerzos del equipo Blindar BJ 360\u00ba, las familias pueden disfrutar de espacios seguros, donde el bienestar infantil es prioridad\u201d, destac\u00f3 Luis Mendoza.<\/p>\n<p>El evento reuni\u00f3 en la explanada de la demarcaci\u00f3n a m\u00e1s de 2 mil personas quienes disfrutaron de actividades como pinta caritas, shows de magia, rallys deportivos, aldeas de juegos de mesa, talleres de pintura, actividades para conocer el cuerpo humano, din\u00e1micas de cuidado animal, conciertos de m\u00fasica infantil y una clase y funci\u00f3n de lucha libre. Adem\u00e1s, se realiz\u00f3 una rifa con entrega de materiales did\u00e1cticos, l\u00fadicos y recreativos que fomenten la creatividad de los m\u00e1s peque\u00f1os.<\/p>\n<p>La alcald\u00eda agradece el valioso apoyo de la Embajada Brit\u00e1nica, Fundaci\u00f3n Walmart, British Council, Triple A, la estaci\u00f3n de radio La Mejor 97.7 y a todos quienes hicieron posible esta celebraci\u00f3n.<\/p>\n<p>Con acciones como esta, Benito Ju\u00e1rez sigue demostrando que es un lugar digno, seguro y lleno de oportunidades para la ni\u00f1ez.<\/p>\n<p>&nbsp;<\/p>\n<figure id=\"attachment_26214\" aria-describedby=\"caption-attachment-26214\" style=\"width: 1024px\" class=\"wp-caption aligncenter\"><img fetchpriority=\"high\" decoding=\"async\" class=\"size-large wp-image-26214\" src=\"https:\/\/reportegam.com\/wp-content\/uploads\/2025\/04\/Alcaldia-BJ-celebra-el-Dia-de-la-Nina-y-del-Nino-2-1024x682.jpg\" alt=\"En el marco de la celebraci\u00f3n del D\u00eda de la Ni\u00f1a y el Ni\u00f1o, la alcald\u00eda Benito Ju\u00e1rez organiz\u00f3 un gran evento con el objetivo de reconocer la importancia de la infancia y fomentar la sana convivencia a trav\u00e9s de actividades recreativas.  FOTOS: Especial\" width=\"1024\" height=\"682\" \/><figcaption id=\"caption-attachment-26214\" class=\"wp-caption-text\">En el marco de la celebraci\u00f3n del D\u00eda de la Ni\u00f1a y el Ni\u00f1o, la alcald\u00eda Benito Ju\u00e1rez organiz\u00f3 un gran evento con el objetivo de reconocer la importancia de la infancia y fomentar la sana convivencia a trav\u00e9s de actividades recreativas. FOTOS: Especial<\/figcaption><\/figure>\n","protected":false},"excerpt":{"rendered":"<p>En el marco de la celebraci\u00f3n del D\u00eda de la Ni\u00f1a y el Ni\u00f1o, la alcald\u00eda Benito Ju\u00e1rez organiz\u00f3 un gran evento con el objetivo de reconocer la importancia de la infancia y fomentar la sana convivencia a trav\u00e9s de actividades recreativas.  FOTOS: Especial<\/p>\n","protected":false},"author":1,"featured_media":190784,"comment_status":"open","ping_status":"closed","sticky":false,"template":"","format":"standard","meta":{"footnotes":""},"categories":[53,170],"tags":[169,277,291,292,167],"class_list":["post-190782","post","type-post","status-publish","format-standard","has-post-thumbnail","hentry","category-alcaldias-cdmx","category-benito-juarez","tag-benito-juarez","tag-bj","tag-dia-de-la-nina","tag-dia-del-nino","tag-luis-mendoza"],"amp_enabled":true,"_links":{"self":[{"href":"https:\/\/reportegam.com\/index.php\/wp-json\/wp\/v2\/posts\/190782","targetHints":{"allow":["GET"]}}],"collection":[{"href":"https:\/\/reportegam.com\/index.php\/wp-json\/wp\/v2\/posts"}],"about":[{"href":"https:\/\/reportegam.com\/index.php\/wp-json\/wp\/v2\/types\/post"}],"author":[{"embeddable":true,"href":"https:\/\/reportegam.com\/index.php\/wp-json\/wp\/v2\/users\/1"}],"replies":[{"embeddable":true,"href":"https:\/\/reportegam.com\/index.php\/wp-json\/wp\/v2\/comments?post=190782"}],"version-history":[{"count":1,"href":"https:\/\/reportegam.com\/index.php\/wp-json\/wp\/v2\/posts\/190782\/revisions"}],"predecessor-version":[{"id":190783,"href":"https:\/\/reportegam.com\/index.php\/wp-json\/wp\/v2\/posts\/190782\/revisions\/190783"}],"wp:featuredmedia":[{"embeddable":true,"href":"https:\/\/reportegam.com\/index.php\/wp-json\/wp\/v2\/media\/190784"}],"wp:attachment":[{"href":"https:\/\/reportegam.com\/index.php\/wp-json\/wp\/v2\/media?parent=190782"}],"wp:term":[{"taxonomy":"category","embeddable":true,"href":"https:\/\/reportegam.com\/index.php\/wp-json\/wp\/v2\/categories?post=190782"},{"taxonomy":"post_tag","embeddable":true,"href":"https:\/\/reportegam.com\/index.php\/wp-json\/wp\/v2\/tags?post=190782"}],"curies":[{"name":"wp","href":"https:\/\/api.w.org\/{rel}","templated":true}]}}