{"id":190743,"date":"2025-04-12T13:57:37","date_gmt":"2025-04-12T19:57:37","guid":{"rendered":"https:\/\/reportegam.com\/?p=190743"},"modified":"2025-04-12T19:57:41","modified_gmt":"2025-04-12T19:57:41","slug":"la-diputada-martha-avila-niega-haberse-burlado-del-pvem","status":"publish","type":"post","link":"https:\/\/reportegam.com\/index.php\/2025\/04\/12\/la-diputada-martha-avila-niega-haberse-burlado-del-pvem\/","title":{"rendered":"La diputada Martha \u00c1vila niega haberse burlado del PVEM"},"content":{"rendered":"<blockquote>\n<h3 style=\"text-align: center;\"><em><strong>\u201cTodo esto sucedi\u00f3 en el marco del desahogo de un proceso legislativo. Me causan extra\u00f1eza las especulaciones y los exagerados sesgos pol\u00edticos que le imprime el coordinador del Partido Verde\u201d, afirma Martha \u00c1vila en entrevista.<\/strong><\/em><\/h3>\n<\/blockquote>\n<hr \/>\n<h4>David Polanco \/ CDMX Magac\u00edn<\/h4>\n<hr \/>\n<p>La presidenta del Congreso de la Ciudad de M\u00e9xico, Martha \u00c1vila Ventura dej\u00f3 en claro que en ning\u00fan momento se burl\u00f3 de alg\u00fan legislador del PVEM en la sesi\u00f3n del pasado jueves, como se lo atribuy\u00f3 el coordinador de esa bancada, Jes\u00fas Sesma.<\/p>\n<p>En breve entrevista con CDMX Magac\u00edn, la diputada de Morena asever\u00f3 que las declaraciones de Sesma son difamatorias, porque el hecho al que se refiere de la sesi\u00f3n del jueves fue algo que ocurre de manera cotidiana en las sesiones.<\/p>\n<p>En esa sesi\u00f3n del 10 de abril, la diputada de Morena, Ana Buend\u00eda present\u00f3 un punto de acuerdo al que, como se acostumbra en la pr\u00e1ctica parlamentaria, solicit\u00f3 adherirse la legisladora Rosario Morales.<\/p>\n<p>De acuerdo con la versi\u00f3n estenogr\u00e1fica, Morales dijo esto: \u201cPor su conducto si nos permite (presidenta) suscribirnos al punto de acuerdo de la diputada Anita Buend\u00eda, si ella nos lo permite, al diputado Israel (Moreno) y la Asociaci\u00f3n Parlamentaria\u201d.<\/p>\n<p>En la entrevista, Martha \u00c1vila recuerda lo que ella dijo: \u201cProced\u00ed a preguntar a la promovente (Ana Buend\u00eda) si aceptaba la suscripci\u00f3n, y al diputado Israel si lo hac\u00eda como Grupo Parlamentario del Partido Verde, y respondi\u00f3: \u2018\u00bfLe digo la verdad? \u2026\u2019. De inmediato, el diputado Jes\u00fas Sesma me grit\u00f3 desde su curul: \u2018Presi, el que se lleva se aguanta\u2019\u201d.<\/p>\n<p>&nbsp;<\/p>\n<blockquote>\n<h3 style=\"text-align: center;\"><em><strong>\u201cQuiero refrendar mi compromiso y convicci\u00f3n para conducir los trabajos de la Mesa Directiva con objetividad, imparcialidad, profesionalismo, y con la institucionalidad que este digno cargo implica\u201d.<\/strong><\/em><\/h3>\n<\/blockquote>\n<p>&nbsp;<\/p>\n<p>\u00c1vila dice que tom\u00f3 a broma el comentario de Sesma, porque suele ser com\u00fan en las sesiones que haya momentos as\u00ed, sin que se incurra en una falta de respeto. Y por eso mismo, reconoce la legisladora, esboz\u00f3 una sonrisa, algo que tampoco es raro en el curso de las sesiones, ni se toma a mal. Lo ocurrido puede corroborarse en el video en Youtube de la transmisi\u00f3n oficial del Canal del Congreso.<\/p>\n<p>\u201cTodo esto sucedi\u00f3 en el marco del desahogo de un proceso legislativo. Me causan extra\u00f1eza las especulaciones y los exagerados sesgos pol\u00edticos que le imprime el coordinador del Partido Verde, pues sus declaraciones sacan de contexto los hechos ocurridos en la mencionada sesi\u00f3n\u201d, remarca \u00c1vila.<\/p>\n<p>Al preguntarle sobre el esbozo de su sonrisa, comenta que \u201cfue una reacci\u00f3n natural e involuntaria ante el grito que profiri\u00f3 el diputado Sesma en su curul de \u2018presi, el que se lleva se aguanta\u2019. En ese momento lo interpret\u00e9 como una broma y ahora entiendo que es un reflejo de su nerviosismo pol\u00edtico\u201d, enfatiza la presidenta del Congreso.<\/p>\n<p>Finalmente, a prop\u00f3sito del cargo tan relevante que encabeza, Martha \u00c1vila resalta: \u201cQuiero refrendar mi compromiso y convicci\u00f3n para conducir los trabajos de la Mesa Directiva con objetividad, imparcialidad, profesionalismo, y con la institucionalidad que este digno cargo implica\u201d.<\/p>\n","protected":false},"excerpt":{"rendered":"<p>La presidenta del Congreso de la Ciudad de M\u00e9xico, Martha \u00c1vila Ventura dej\u00f3 en claro que en ning\u00fan momento se burl\u00f3 de alg\u00fan legislador del PVEM en la sesi\u00f3n del pasado jueves, como se lo atribuy\u00f3 el coordinador de esa bancada, Jes\u00fas Sesma.  FOTO: Especial<\/p>\n","protected":false},"author":1,"featured_media":190745,"comment_status":"open","ping_status":"closed","sticky":false,"template":"","format":"standard","meta":{"footnotes":""},"categories":[23],"tags":[258,256,71,257,255,252,253,254,259],"class_list":["post-190743","post","type-post","status-publish","format-standard","has-post-thumbnail","hentry","category-congreso-cdmx","tag-ana-buendia","tag-burla","tag-congreso","tag-israel-moreno","tag-jesus-sesma","tag-martha-avila","tag-presidenta","tag-pvem","tag-rosario-morales"],"amp_enabled":true,"_links":{"self":[{"href":"https:\/\/reportegam.com\/index.php\/wp-json\/wp\/v2\/posts\/190743","targetHints":{"allow":["GET"]}}],"collection":[{"href":"https:\/\/reportegam.com\/index.php\/wp-json\/wp\/v2\/posts"}],"about":[{"href":"https:\/\/reportegam.com\/index.php\/wp-json\/wp\/v2\/types\/post"}],"author":[{"embeddable":true,"href":"https:\/\/reportegam.com\/index.php\/wp-json\/wp\/v2\/users\/1"}],"replies":[{"embeddable":true,"href":"https:\/\/reportegam.com\/index.php\/wp-json\/wp\/v2\/comments?post=190743"}],"version-history":[{"count":1,"href":"https:\/\/reportegam.com\/index.php\/wp-json\/wp\/v2\/posts\/190743\/revisions"}],"predecessor-version":[{"id":190744,"href":"https:\/\/reportegam.com\/index.php\/wp-json\/wp\/v2\/posts\/190743\/revisions\/190744"}],"wp:featuredmedia":[{"embeddable":true,"href":"https:\/\/reportegam.com\/index.php\/wp-json\/wp\/v2\/media\/190745"}],"wp:attachment":[{"href":"https:\/\/reportegam.com\/index.php\/wp-json\/wp\/v2\/media?parent=190743"}],"wp:term":[{"taxonomy":"category","embeddable":true,"href":"https:\/\/reportegam.com\/index.php\/wp-json\/wp\/v2\/categories?post=190743"},{"taxonomy":"post_tag","embeddable":true,"href":"https:\/\/reportegam.com\/index.php\/wp-json\/wp\/v2\/tags?post=190743"}],"curies":[{"name":"wp","href":"https:\/\/api.w.org\/{rel}","templated":true}]}}