{"id":190704,"date":"2025-04-04T14:14:09","date_gmt":"2025-04-04T20:14:09","guid":{"rendered":"https:\/\/reportegam.com\/?p=190704"},"modified":"2025-04-05T01:19:47","modified_gmt":"2025-04-05T01:19:47","slug":"amplian-plazo-para-reconocimientos-ifigenia-martinez-y-hermila-galindo","status":"publish","type":"post","link":"https:\/\/reportegam.com\/index.php\/2025\/04\/04\/amplian-plazo-para-reconocimientos-ifigenia-martinez-y-hermila-galindo\/","title":{"rendered":"Ampl\u00edan plazo para reconocimientos Ifigenia Mart\u00ednez y Hermila Galindo"},"content":{"rendered":"<h4>CDMX Magac\u00edn<\/h4>\n<hr \/>\n<p>La Comisi\u00f3n de Igualdad de G\u00e9nero del Congreso de la Ciudad de M\u00e9xico aprob\u00f3 el acuerdo AC\/002\/CCDMX\/CIG\/IIIL\/2025 relativo a la extensi\u00f3n del plazo para el registro de postulaciones de la convocatoria para la entrega de la Medalla al M\u00e9rito Hermila Galindo e Ifigenia Mart\u00ednez, III Legislatura.<\/p>\n<p>Al fundamentar el acuerdo, la presidenta de esta comisi\u00f3n, diputada\u00a0Cecilia Vadillo Obreg\u00f3n (MORENA), precis\u00f3 que la propuesta de extender el periodo de registro hasta el 15 de septiembre de 2025 se sustenta en el acuerdo aprobado por la Junta de Coordinaci\u00f3n Pol\u00edtica (JUCOPO) el pasado 1 de febrero.<\/p>\n<p>Puntualiz\u00f3 que este acuerdo establece que durante esta III legislatura s\u00f3lo habr\u00e1 una entrega de medalla durante los tres a\u00f1os, programada para el segundo periodo de sesiones del segundo a\u00f1o de ejercicio, es decir dentro de un a\u00f1o.<\/p>\n<p>Consider\u00f3 que era \u201cnecesaria y pertinente la ampliaci\u00f3n para garantizar que haya una participaci\u00f3n m\u00e1s amplia, participativa, y brindar la oportunidad de que m\u00e1s mujeres, m\u00e1s colectivas, m\u00e1s organizaciones, se sumen a esta convocatoria; ello contribuir\u00e1 a visibilizar de manera m\u00e1s justa y plural las acciones impulsadas desde la sociedad civil organizada en favor de los derechos de las mujeres\u201d.<\/p>\n<p>Por ello, invit\u00f3 a sus compa\u00f1eras legisladoras a sumarse a los esfuerzos de difusi\u00f3n, con el prop\u00f3sito de que la convocatoria llegue a todos los sectores y territorios de la capital, para reconocer la trayectoria de mujeres ejemplares.<\/p>\n<p>El plazo de recepci\u00f3n de propuestas comenz\u00f3 desde las 07:00 horas del 15 de febrero de 2025 y concluir\u00e1 hasta las 11:59 horas del 15 de septiembre del 2025.<\/p>\n<p>Cabe recordar que la entrega de esta medalla se otorga como reconocimiento a las mujeres destacadas de la Ciudad de M\u00e9xico que de manera individual o colectiva se distinguen en la lucha por los derechos de las mujeres.<\/p>\n<p>La convocatoria va dirigida a la poblaci\u00f3n en general, organismos, instituciones acad\u00e9micas, colectivas, asociaciones y organizaciones de la sociedad civil, vinculadas con la igualdad de g\u00e9nero en la Ciudad de M\u00e9xico, para que presenten propuestas de mujeres, mujeres trans, grupos y colectivas que consideren merecedoras de recibir la Medalla al M\u00e9rito Hermila Galindo e Ifigenia Mart\u00ednez III Legislatura.<\/p>\n<p>Lo anterior, en reconocimiento a quienes, con su trabajo, activismo, y trayectoria hayan destacado y sido fundamentales en la defensa, impulso, fomento, promoci\u00f3n del ejercicio efectivo de los derechos de las mujeres e igualdad sustantiva en la Ciudad de M\u00e9xico, as\u00ed como en la dignificaci\u00f3n y difusi\u00f3n del reconocimiento de estos derechos.<\/p>\n","protected":false},"excerpt":{"rendered":"<p>La Comisi\u00f3n de Igualdad de G\u00e9nero del Congreso de la Ciudad de M\u00e9xico aprob\u00f3 el acuerdo AC\/002\/CCDMX\/CIG\/IIIL\/2025 relativo a la extensi\u00f3n del plazo para el registro de postulaciones de la convocatoria para la entrega de la Medalla al M\u00e9rito Hermila Galindo e Ifigenia Mart\u00ednez, III Legislatura.  FOTO: Especial<\/p>\n","protected":false},"author":1,"featured_media":190706,"comment_status":"open","ping_status":"closed","sticky":false,"template":"","format":"standard","meta":{"footnotes":""},"categories":[23],"tags":[212,71,211,210],"class_list":["post-190704","post","type-post","status-publish","format-standard","has-post-thumbnail","hentry","category-congreso-cdmx","tag-amplian-plazo","tag-congreso","tag-ifigenia-martinez","tag-medalla-al-merito-hermila-galindo"],"amp_enabled":true,"_links":{"self":[{"href":"https:\/\/reportegam.com\/index.php\/wp-json\/wp\/v2\/posts\/190704","targetHints":{"allow":["GET"]}}],"collection":[{"href":"https:\/\/reportegam.com\/index.php\/wp-json\/wp\/v2\/posts"}],"about":[{"href":"https:\/\/reportegam.com\/index.php\/wp-json\/wp\/v2\/types\/post"}],"author":[{"embeddable":true,"href":"https:\/\/reportegam.com\/index.php\/wp-json\/wp\/v2\/users\/1"}],"replies":[{"embeddable":true,"href":"https:\/\/reportegam.com\/index.php\/wp-json\/wp\/v2\/comments?post=190704"}],"version-history":[{"count":1,"href":"https:\/\/reportegam.com\/index.php\/wp-json\/wp\/v2\/posts\/190704\/revisions"}],"predecessor-version":[{"id":190705,"href":"https:\/\/reportegam.com\/index.php\/wp-json\/wp\/v2\/posts\/190704\/revisions\/190705"}],"wp:featuredmedia":[{"embeddable":true,"href":"https:\/\/reportegam.com\/index.php\/wp-json\/wp\/v2\/media\/190706"}],"wp:attachment":[{"href":"https:\/\/reportegam.com\/index.php\/wp-json\/wp\/v2\/media?parent=190704"}],"wp:term":[{"taxonomy":"category","embeddable":true,"href":"https:\/\/reportegam.com\/index.php\/wp-json\/wp\/v2\/categories?post=190704"},{"taxonomy":"post_tag","embeddable":true,"href":"https:\/\/reportegam.com\/index.php\/wp-json\/wp\/v2\/tags?post=190704"}],"curies":[{"name":"wp","href":"https:\/\/api.w.org\/{rel}","templated":true}]}}