{"id":190681,"date":"2025-03-29T18:04:41","date_gmt":"2025-03-30T00:04:41","guid":{"rendered":"https:\/\/reportegam.com\/?p=190681"},"modified":"2025-03-30T00:04:44","modified_gmt":"2025-03-30T00:04:44","slug":"la-filco-reafirma-a-coyoacan-como-corazon-de-la-cultura-en-cdmx","status":"publish","type":"post","link":"https:\/\/reportegam.com\/index.php\/2025\/03\/29\/la-filco-reafirma-a-coyoacan-como-corazon-de-la-cultura-en-cdmx\/","title":{"rendered":"La FILCO reafirma a Coyoac\u00e1n como coraz\u00f3n de la cultura en CDMX"},"content":{"rendered":"<h3 style=\"text-align: center;\">El alcalde de Coyoac\u00e1n, Giovani Guti\u00e9rrez Aguilar destaca la presencia de reconocidos autores quienes participaron en este festival cultural con talleres, mesas redondas, presentaciones literarias y charlas.<\/h3>\n<hr \/>\n<h4>David Polanco \/ CDMX MAGAC\u00cdN<\/h4>\n<hr \/>\n<p>El acceso a la cultura y la educaci\u00f3n debe ser universal, por eso, en Coyoac\u00e1n estamos convencidos de que nuestro compromiso es emprender todas las acciones que faciliten esa posibilidad, dijo el alcalde Giovani Guti\u00e9rrez Aguilar, al recibir a las y los integrantes del Consejo de la Feria Internacional del Libro de Coyoac\u00e1n.<\/p>\n<p>\u201cQuiero agradecer todo el esfuerzo, toda la voluntad y todo el compromiso de todas y todos ustedes quienes, junto con la alcald\u00eda Coyoac\u00e1n, as\u00ed como todas las autoridades involucradas, para llevar a cabo este encuentro literario, abierto a todo el p\u00fablico, con actividades gratuitas, con m\u00fasica, cine, con baile y con todas las dem\u00e1s artes. Gracias y felicidades a todas y todos. Coyoac\u00e1n se confirma como el coraz\u00f3n cultural de la Ciudad de M\u00e9xico\u201d, dijo Giovani Guti\u00e9rez.<\/p>\n<p>Gerardo Valenzuela, director fundador de la FILCO, indic\u00f3 que en esta cuarta edici\u00f3n se rompi\u00f3 el r\u00e9cord de asistencia con m\u00e1s de 250 mil personas en los 10 d\u00edas que dur\u00f3 la Feria en la cual participaron grandes personalidades y en donde se tuvo como invitado a Jap\u00f3n, al estado de Coahuila y al pueblo originario de Santa \u00darsula.<\/p>\n<p>&nbsp;<\/p>\n<blockquote>\n<h3 style=\"text-align: center;\"><em><strong>\u201cQuiero agradecer a todas y todos los artistas, escritores, ensayistas, poetas, pintores, maestros, talleristas y, sobre todo a las y los coyoacanenses, que lo hicieron posible\u201d, se\u00f1ala el Alcalde.<\/strong><\/em><\/h3>\n<\/blockquote>\n<p>&nbsp;<\/p>\n<p>Ante integrantes del Consejo de la FILCO como Mar\u00eda Luisa Le\u00f3n-Portilla, Mario Boj\u00f3rquez, Carlos Mart\u00ednez Assad, Alfonso Carrasco, Guillermo Kahlo, Adri\u00e1n Casasola, Emiliano Gironella, Miguel de la Cruz y Baltazar Dom\u00ednguez, el Alcalde de Coyoac\u00e1n record\u00f3 que, desde el inicio de su primera administraci\u00f3n, uno de sus compromisos ha sido llevar la cultura a todos los rincones de la demarcaci\u00f3n. Gracias a ello se han dado conciertos gratuitos de la Orquesta Sinf\u00f3nica de Coyoac\u00e1n y no solo en el centro hist\u00f3rico, sino en diversas colonias, pueblos y barrios; se cuenta con exposiciones gratuitas y se ha llevado \u00f3pera a diversos puntos de esta zona.<\/p>\n<p>Una de las acciones m\u00e1s destacadas ha sido la inversi\u00f3n que se ha hecho en la recuperaci\u00f3n y restauraci\u00f3n de monumentos hist\u00f3ricos, acci\u00f3n sin precedente en los \u00faltimos 30 a\u00f1os en esta demarcaci\u00f3n, pues se ha logrado la restauraci\u00f3n del Palacio de Cort\u00e9s, del kiosco que mand\u00f3 colocar Porfirio D\u00edaz, de los arcos atriales, de la parroquia de San Juan Bautista y se encuentran como proyectos la restauraci\u00f3n de la obra de la muralista Aurora Reyes, dentro del Palacio de Cabildos y el mural de la capilla del interior del Palacio donde se casaron Diego y Frida Kahlo, del maestro Diego Rosales, alumno de Frida.<\/p>\n<p>Gerardo Valenzuela, director y fundador de la FILCO, dijo: \u201cLa FILCO es un espacio donde la cultura y la literatura se unen para crear una experiencia \u00fanica y enriquecedora para todos los asistentes. Estamos emocionados de anunciar nuestra pr\u00f3xima edici\u00f3n y de seguir trabajando para hacer de la FILCO la nueva tradici\u00f3n Coyoacanense, cada vez m\u00e1s importante y relevante para la comunidad cultural de M\u00e9xico\u00bb.<\/p>\n<p>&nbsp;<\/p>\n<blockquote>\n<h3 style=\"text-align: center;\"><em><strong>Se prepara ya la siguiente edici\u00f3n de la Feria Internacional del Libro de Coyoac\u00e1n, la cual se consolida como una de las m\u00e1s importantes en el pa\u00eds y a nivel internacional: Gerardo Valenzuela, director de la FILCO.<\/strong><\/em><\/h3>\n<\/blockquote>\n<p>&nbsp;<\/p>\n<p>El director de la FILCO anunci\u00f3 algunas novedades para la siguiente edici\u00f3n de la Feria en el marco del Mundial de F\u00fatbol 2026, como una exposici\u00f3n de fotograf\u00eda con im\u00e1genes in\u00e9ditas del mundial M\u00e9xico 70; material gr\u00e1fico de la historia del f\u00fatbol en el pa\u00eds, conferencias literarias culturales e hist\u00f3ricas mensuales y la creaci\u00f3n de un pabell\u00f3n internacional en Jard\u00edn Centenario.<\/p>\n<p>Adem\u00e1s, tambi\u00e9n anunci\u00f3 el lanzamiento de la convocatoria de fotograf\u00eda FILCO Coyoac\u00e1n y el convenio de colaboraci\u00f3n institucional entre FILCO y la alcald\u00eda Coyoac\u00e1n y, muy probablemente un hermanamiento cultural con Francia.<\/p>\n<p>&nbsp;<\/p>\n<figure id=\"attachment_25709\" aria-describedby=\"caption-attachment-25709\" style=\"width: 1024px\" class=\"wp-caption aligncenter\"><img fetchpriority=\"high\" decoding=\"async\" class=\"size-large wp-image-25709\" src=\"https:\/\/reportegam.com\/wp-content\/uploads\/2025\/03\/La-FILCO-reafirma-a-Coyoacan-como-corazon-de-la-cultura-en-CDMX-2-1024x576.jpg\" alt=\"\u201cQuiero agradecer a todas y todos los artistas, escritores, ensayistas, poetas, pintores, maestros, talleristas y, sobre todo a las y los coyoacanenses, que lo hicieron posible\u201d, se\u00f1ala el Alcalde.\" width=\"1024\" height=\"576\" \/><figcaption id=\"caption-attachment-25709\" class=\"wp-caption-text\">\u201cQuiero agradecer a todas y todos los artistas, escritores, ensayistas, poetas, pintores, maestros, talleristas y, sobre todo a las y los coyoacanenses, que lo hicieron posible\u201d, se\u00f1ala el Alcalde.<\/figcaption><\/figure>\n<p>&nbsp;<\/p>\n<blockquote><p>&nbsp;<\/p><\/blockquote>\n","protected":false},"excerpt":{"rendered":"<p>\u201cQuiero agradecer a todas y todos los artistas, escritores, ensayistas, poetas, pintores, maestros, talleristas y, sobre todo a las y los coyoacanenses, que lo hicieron posible\u201d, se\u00f1ala el Alcalde.<\/p>\n","protected":false},"author":1,"featured_media":190683,"comment_status":"open","ping_status":"closed","sticky":false,"template":"","format":"standard","meta":{"footnotes":""},"categories":[1],"tags":[85,199,110,198,62,63],"class_list":["post-190681","post","type-post","status-publish","format-standard","has-post-thumbnail","hentry","category-uncategorized","tag-cdmx","tag-corazon-cultural","tag-coyoacan","tag-filco","tag-gerardo-valenzuela","tag-giovani-gutierrez"],"amp_enabled":true,"_links":{"self":[{"href":"https:\/\/reportegam.com\/index.php\/wp-json\/wp\/v2\/posts\/190681","targetHints":{"allow":["GET"]}}],"collection":[{"href":"https:\/\/reportegam.com\/index.php\/wp-json\/wp\/v2\/posts"}],"about":[{"href":"https:\/\/reportegam.com\/index.php\/wp-json\/wp\/v2\/types\/post"}],"author":[{"embeddable":true,"href":"https:\/\/reportegam.com\/index.php\/wp-json\/wp\/v2\/users\/1"}],"replies":[{"embeddable":true,"href":"https:\/\/reportegam.com\/index.php\/wp-json\/wp\/v2\/comments?post=190681"}],"version-history":[{"count":1,"href":"https:\/\/reportegam.com\/index.php\/wp-json\/wp\/v2\/posts\/190681\/revisions"}],"predecessor-version":[{"id":190682,"href":"https:\/\/reportegam.com\/index.php\/wp-json\/wp\/v2\/posts\/190681\/revisions\/190682"}],"wp:featuredmedia":[{"embeddable":true,"href":"https:\/\/reportegam.com\/index.php\/wp-json\/wp\/v2\/media\/190683"}],"wp:attachment":[{"href":"https:\/\/reportegam.com\/index.php\/wp-json\/wp\/v2\/media?parent=190681"}],"wp:term":[{"taxonomy":"category","embeddable":true,"href":"https:\/\/reportegam.com\/index.php\/wp-json\/wp\/v2\/categories?post=190681"},{"taxonomy":"post_tag","embeddable":true,"href":"https:\/\/reportegam.com\/index.php\/wp-json\/wp\/v2\/tags?post=190681"}],"curies":[{"name":"wp","href":"https:\/\/api.w.org\/{rel}","templated":true}]}}