{"id":190601,"date":"2025-03-16T16:56:29","date_gmt":"2025-03-16T22:56:29","guid":{"rendered":"https:\/\/reportegam.com\/?p=190601"},"modified":"2025-03-16T22:56:36","modified_gmt":"2025-03-16T22:56:36","slug":"recupera-coyoacan-espacios-publicos-que-se-habian-agandallado","status":"publish","type":"post","link":"https:\/\/reportegam.com\/index.php\/2025\/03\/16\/recupera-coyoacan-espacios-publicos-que-se-habian-agandallado\/","title":{"rendered":"Recupera Coyoac\u00e1n espacios p\u00fablicos que se hab\u00edan \u2018agandallado\u2019"},"content":{"rendered":"<h3 style=\"text-align: center;\"><em><strong>Esta semana se desplegaron dispositivos de seguridad y v\u00eda p\u00fablica para recuperaci\u00f3n de espacios en la colonia Copilco-Universidad, en los l\u00edmites con Romero de Terreros y Pedregal de Santo Domingo.<\/strong><\/em><\/h3>\n<hr \/>\n<h4>David Polanco \/ CDMX MAGAC\u00cdN<\/h4>\n<hr \/>\n<p>Con el apoyo de personal de la Secretar\u00eda de Seguridad Ciudadana de la capital del pa\u00eds, as\u00ed como elementos de Escudo Coyoac\u00e1n y personal de la Direcci\u00f3n de Gobierno de la demarcaci\u00f3n, se realizaron dos dispositivos esta semana para la recuperaci\u00f3n de espacios p\u00fablicos en las inmediaciones del Metro Copilco y de Ciudad Universitaria.<\/p>\n<p>Desde hace varios meses se hab\u00eda registrado un incremento de bienes mostrencos, estructuras de metal y madera, macetones, modificaciones en banquetas, toldos y carpas, que ocupaban un porcentaje importante de la v\u00eda p\u00fablica y que limitaban el paso de peatones, personas en sillas de ruedas o con discapacidad, as\u00ed como personas de la tercera edad.<\/p>\n<p>Es por ello que, en un dispositivo en el que no se registraron incidentes, fueron retirados de la v\u00eda p\u00fablica todos estos objetos, as\u00ed como tres refrigeradores de diverso tama\u00f1o que eran dejados en el camell\u00f3n de la avenida Pedro Henr\u00edquez Ure\u00f1a y que ya contaban con conexi\u00f3n el\u00e9ctrica irregular y que se encontraban funcionando las 24 horas en plena v\u00eda p\u00fablica.<\/p>\n<p>&nbsp;<\/p>\n<h3 style=\"text-align: center;\"><em><strong>Se retiran de la v\u00eda p\u00fablica bienes mostrencos y objetos que obstru\u00edan la vialidad y que, durante meses, ocuparon espacios limitando el paso de peatones. \u00a0<\/strong><\/em><\/h3>\n<p>&nbsp;<\/p>\n<p><img fetchpriority=\"high\" decoding=\"async\" class=\"aligncenter size-large wp-image-25378\" src=\"https:\/\/reportegam.com\/wp-content\/uploads\/2025\/03\/Recupera-Coyoacan-espacios-publicos-que-se-habian-\u2018agandallado-2-1024x576.jpeg\" alt=\"\" width=\"1024\" height=\"576\" \/><\/p>\n<p>&nbsp;<\/p>\n<p>El primer dispositivo se llev\u00f3 a cabo en las inmediaciones de las calles Filosof\u00eda y Letras, Medicina y avenida Copilco en donde se levantaron objetos que ya hab\u00edan sido empotrados sobre el arroyo vehicular y sobre las banquetas, ya fuera con cemento o con estructuras met\u00e1licas soldadas.<\/p>\n<p>Vecinas y vecinos de la zona hab\u00edan presentado diversos se\u00f1alamientos porque se hab\u00eda hecho imposible la circulaci\u00f3n peatonal o en veh\u00edculo en estas zonas debido a que esta es una de las zonas de acceso principal, a pie-tierra, de Ciudad Universitaria.<\/p>\n<p>En una acci\u00f3n posterior, y tambi\u00e9n con personal de la alcald\u00eda Coyoac\u00e1n, de la Direcci\u00f3n de Gobierno y de la Jefatura de Unidad Departamental de V\u00eda P\u00fablica, fueron desconectados y retirados tres refrigeradores -del tipo que son usados en tiendas de conveniencia-, los cuales se encontraban en pleno camell\u00f3n, conectados de manera irregular a la red el\u00e9ctrica y que funcionaban las 24 horas del d\u00eda, adem\u00e1s de que las conexiones se hab\u00eda habilitado en el tronco de un \u00e1rbol, el cual fue da\u00f1ado para empotrar el sistema el\u00e9ctrico que surt\u00eda de energ\u00eda a estos aparatos.<\/p>\n<p>&nbsp;<\/p>\n<h3 style=\"text-align: center;\"><em><strong>Se retiran toldos, estructuras, macetones y tambi\u00e9n tres refrigeradores que se ubicaban en el camell\u00f3n de Pedro Henr\u00edquez Ure\u00f1a y av. Cerro del Agua, en el Metro Copilco.<\/strong><\/em><\/h3>\n<p>&nbsp;<\/p>\n<p><img decoding=\"async\" class=\"aligncenter size-large wp-image-25379\" src=\"https:\/\/reportegam.com\/wp-content\/uploads\/2025\/03\/Recupera-Coyoacan-espacios-publicos-que-se-habian-\u2018agandallado-3-1024x576.jpeg\" alt=\"\" width=\"1024\" height=\"576\" \/><\/p>\n<p>&nbsp;<\/p>\n<p>Con el apoyo de dos unidades, fueron levantados estos refrigeradores, as\u00ed como los palets industriales sobre los que fueron colocados, el sistema de cableado y los dem\u00e1s objetos que se encontraban en el sitio sin el resguardo de ninguna persona.<\/p>\n<p>&nbsp;<\/p>\n<h3 style=\"text-align: center;\"><em><strong>La alcald\u00eda anunci\u00f3 que este tipo de dispositivos para la liberaci\u00f3n de espacios continuar\u00e1n de manera sorpresa en diversos puntos de la demarcaci\u00f3n y la acci\u00f3n se mantendr\u00e1 de manera permanente.<\/strong><\/em><\/h3>\n<p>&nbsp;<\/p>\n<p><img decoding=\"async\" class=\"aligncenter size-large wp-image-25381\" src=\"https:\/\/reportegam.com\/wp-content\/uploads\/2025\/03\/Recupera-Coyoacan-espacios-publicos-que-se-habian-\u2018agandallado-4-1024x576.jpeg\" alt=\"\" width=\"1024\" height=\"576\" \/><\/p>\n","protected":false},"excerpt":{"rendered":"<p>Con el apoyo de personal de la Secretar\u00eda de Seguridad Ciudadana de la capital del pa\u00eds, as\u00ed como elementos de Escudo Coyoac\u00e1n y personal de la Direcci\u00f3n de Gobierno de la demarcaci\u00f3n, se realizaron dos dispositivos esta semana para la recuperaci\u00f3n de espacios p\u00fablicos en las inmediaciones del Metro Copilco y de Ciudad Universitaria.  FOTOS: Especial<\/p>\n","protected":false},"author":1,"featured_media":190603,"comment_status":"open","ping_status":"closed","sticky":false,"template":"","format":"standard","meta":{"footnotes":""},"categories":[53,58],"tags":[125,110,63,126,124],"class_list":["post-190601","post","type-post","status-publish","format-standard","has-post-thumbnail","hentry","category-alcaldias-cdmx","category-coyoacan","tag-copilco","tag-coyoacan","tag-giovani-gutierrez","tag-pedregal-de-santo-domingo","tag-recuperacion-de-espacios"],"amp_enabled":true,"_links":{"self":[{"href":"https:\/\/reportegam.com\/index.php\/wp-json\/wp\/v2\/posts\/190601","targetHints":{"allow":["GET"]}}],"collection":[{"href":"https:\/\/reportegam.com\/index.php\/wp-json\/wp\/v2\/posts"}],"about":[{"href":"https:\/\/reportegam.com\/index.php\/wp-json\/wp\/v2\/types\/post"}],"author":[{"embeddable":true,"href":"https:\/\/reportegam.com\/index.php\/wp-json\/wp\/v2\/users\/1"}],"replies":[{"embeddable":true,"href":"https:\/\/reportegam.com\/index.php\/wp-json\/wp\/v2\/comments?post=190601"}],"version-history":[{"count":1,"href":"https:\/\/reportegam.com\/index.php\/wp-json\/wp\/v2\/posts\/190601\/revisions"}],"predecessor-version":[{"id":190602,"href":"https:\/\/reportegam.com\/index.php\/wp-json\/wp\/v2\/posts\/190601\/revisions\/190602"}],"wp:featuredmedia":[{"embeddable":true,"href":"https:\/\/reportegam.com\/index.php\/wp-json\/wp\/v2\/media\/190603"}],"wp:attachment":[{"href":"https:\/\/reportegam.com\/index.php\/wp-json\/wp\/v2\/media?parent=190601"}],"wp:term":[{"taxonomy":"category","embeddable":true,"href":"https:\/\/reportegam.com\/index.php\/wp-json\/wp\/v2\/categories?post=190601"},{"taxonomy":"post_tag","embeddable":true,"href":"https:\/\/reportegam.com\/index.php\/wp-json\/wp\/v2\/tags?post=190601"}],"curies":[{"name":"wp","href":"https:\/\/api.w.org\/{rel}","templated":true}]}}