{"id":190419,"date":"2025-03-05T21:15:07","date_gmt":"2025-03-06T03:15:07","guid":{"rendered":"https:\/\/cdmx.info\/?p=190419"},"modified":"2025-03-05T21:15:07","modified_gmt":"2025-03-06T03:15:07","slug":"con-brugada-censura-a-criticos-y-premio-a-paleros","status":"publish","type":"post","link":"https:\/\/reportegam.com\/index.php\/2025\/03\/05\/con-brugada-censura-a-criticos-y-premio-a-paleros\/","title":{"rendered":"Con Brugada, censura a cr\u00edticos y premio a paleros"},"content":{"rendered":"<h2 style=\"text-align: center;\">Glorieta de Col\u00f3n<\/h2>\n<p>La jefa de Gobierno, Clara Brugada se jacta que encabeza la ciudad de derechos y libertades, pero la libertad de expresi\u00f3n es selectiva, s\u00f3lo para quien hable bien de ella. En este espacio hemos sido cr\u00edticos con su administraci\u00f3n y revelado conflictos internos, como el fuerte enfrentamiento entre la directora general de Comunicaci\u00f3n, Ana Mar\u00eda Lomel\u00ed \u2013imposici\u00f3n de Palacio\u2013, y la directora de informaci\u00f3n, Luz Mar\u00eda Avil\u00e9s \u2013de Brugada\u2013. Nos afirman que de ellas viene la instrucci\u00f3n que no permitir que pregunte ning\u00fan reportero que represente a CDMX Magac\u00edn o El Independiente. Por eso no le dieron la palabra a nuestro reportero el martes pasado. Es burda censura a sus cr\u00edticos, mientras que por otro lado pululan los paleros en las ruedas de prensa. Tanto les dan la palabra, que ellos hacen el 80% de las preguntas. \u00bfPor qu\u00e9 censurar a sus cr\u00edticos? \u00bfA qu\u00e9 le temen? \u00a0\u00bfEsa pregunta la podr\u00edan responder \u2018Pocahontas\u2019 o \u2018Sirenito\u2019?<\/p>\n<p>&nbsp;<\/p>\n<p><strong>Recuperar mayor\u00eda constitucional<\/strong><\/p>\n<p>Despu\u00e9s de la enorme confrontaci\u00f3n de este martes en el Congreso de la Ciudad de M\u00e9xico en que los panistas tomaron la tribuna porque el director de Servicios Parlamentarios Alfonso Vega mal inform\u00f3 a la presidenta de la Mesa Directiva, Martha \u00c1vila y ella declar\u00f3 aprobada una reforma aunque no alcanz\u00f3 los votos suficientes, pues le faltaban tres, se decidi\u00f3 que el dictamen va a ser regresado a comisiones, a la congeladora. Como se requiere mayor\u00eda calificada de 44 votos, no ser\u00e1 pronto cuando la vuelvan a someter a votaci\u00f3n, porque la falta de cumplimiento de compromisos y acuerdos desde la Jefatura de Gobierno tiene a la 4T, hoy por hoy, sin mayor\u00eda constitucional asegurada.<\/p>\n<p>&nbsp;<\/p>\n<p><strong>Las bromas de Valentina<\/strong><\/p>\n<p>Fue bastante divertido ver a la diputada Valentina Batres hablando contra el nepotismo en la discusi\u00f3n de la aprobaci\u00f3n de la minuta de reforma constitucional al respecto, cuando toda su familia est\u00e1 o ha estado pegada al erario, por la influencia de una, otro, o todas y todos: la hermana ministra, el hermano jefe de Gobierno y en el ISSSTE, el sobrino en el gobierno federal, un cu\u00f1ado en la Fiscal\u00eda, el otro en el Congreso, la cu\u00f1ada en la ASF y Canal 11\u2026 m\u00e1s lo que se acumule esta semana.<\/p>\n<p>&nbsp;<\/p>\n<p>FOTO: X \/ @AnitaLomeli, 28 mayo 2024<\/p>\n","protected":false},"excerpt":{"rendered":"<p>La jefa de Gobierno, Clara Brugada se jacta que encabeza la ciudad de derechos y libertades, pero la libertad de expresi\u00f3n es selectiva, s\u00f3lo para quien hable bien de ella. En este espacio hemos sido cr\u00edticos con su administraci\u00f3n y revelado conflictos internos, como el fuerte enfrentamiento entre la directora general de Comunicaci\u00f3n, Ana Mar\u00eda Lomel\u00ed \u2013imposici\u00f3n de Palacio\u2013, y la directora de informaci\u00f3n, Luz Mar\u00eda Avil\u00e9s \u2013de Brugada\u2013. Nos afirman que de ellas viene la instrucci\u00f3n que no permitir que pregunte ning\u00fan reportero que represente a CDMX Magac\u00edn o El Independiente. Por eso no le dieron la palabra a nuestro reportero el martes pasado. Es burda censura a sus cr\u00edticos, mientras que por otro lado pululan los paleros en las ruedas de prensa. Tanto les dan la palabra, que ellos hacen el 80% de las preguntas. \u00bfPor qu\u00e9 censurar a sus cr\u00edticos? \u00bfA qu\u00e9 le temen? \u00a0\u00bfEsa pregunta la podr\u00edan responder \u2018Pocahontas\u2019 o \u2018Sirenito\u2019?<\/p>\n","protected":false},"author":1,"featured_media":190421,"comment_status":"open","ping_status":"closed","sticky":false,"template":"","format":"standard","meta":{"footnotes":""},"categories":[31],"tags":[24,29,22],"class_list":["post-190419","post","type-post","status-publish","format-standard","has-post-thumbnail","hentry","category-glorieta-de-colon","tag-congresocdmx","tag-gcdmx","tag-principal"],"amp_enabled":true,"_links":{"self":[{"href":"https:\/\/reportegam.com\/index.php\/wp-json\/wp\/v2\/posts\/190419","targetHints":{"allow":["GET"]}}],"collection":[{"href":"https:\/\/reportegam.com\/index.php\/wp-json\/wp\/v2\/posts"}],"about":[{"href":"https:\/\/reportegam.com\/index.php\/wp-json\/wp\/v2\/types\/post"}],"author":[{"embeddable":true,"href":"https:\/\/reportegam.com\/index.php\/wp-json\/wp\/v2\/users\/1"}],"replies":[{"embeddable":true,"href":"https:\/\/reportegam.com\/index.php\/wp-json\/wp\/v2\/comments?post=190419"}],"version-history":[{"count":0,"href":"https:\/\/reportegam.com\/index.php\/wp-json\/wp\/v2\/posts\/190419\/revisions"}],"wp:featuredmedia":[{"embeddable":true,"href":"https:\/\/reportegam.com\/index.php\/wp-json\/wp\/v2\/media\/190421"}],"wp:attachment":[{"href":"https:\/\/reportegam.com\/index.php\/wp-json\/wp\/v2\/media?parent=190419"}],"wp:term":[{"taxonomy":"category","embeddable":true,"href":"https:\/\/reportegam.com\/index.php\/wp-json\/wp\/v2\/categories?post=190419"},{"taxonomy":"post_tag","embeddable":true,"href":"https:\/\/reportegam.com\/index.php\/wp-json\/wp\/v2\/tags?post=190419"}],"curies":[{"name":"wp","href":"https:\/\/api.w.org\/{rel}","templated":true}]}}