{"id":190361,"date":"2025-03-04T19:38:02","date_gmt":"2025-03-05T01:38:02","guid":{"rendered":"https:\/\/cdmx.info\/?p=190361"},"modified":"2025-03-04T19:38:02","modified_gmt":"2025-03-05T01:38:02","slug":"eligen-terna-para-titularidad-del-ipdp","status":"publish","type":"post","link":"https:\/\/reportegam.com\/index.php\/2025\/03\/04\/eligen-terna-para-titularidad-del-ipdp\/","title":{"rendered":"Eligen terna para titularidad del IPDP"},"content":{"rendered":"<p><strong>CIUDAD DE M\u00c9XICO 04 DE MARZO\u00a0 (CDMX MAGACIN).-<\/strong>\u00a0El Comit\u00e9 de Selecci\u00f3n de la Persona Titular de la Direcci\u00f3n General del Instituto de Planeaci\u00f3n Democr\u00e1tica y Prospectiva de la Ciudad de M\u00e9xico acord\u00f3 la integraci\u00f3n de la terna a partir de la que se elegir\u00e1 a quien ocupar\u00e1 la titularidad de esta instancia.<\/p>\n<p>Carina Arvizu Machado, Martha Laura Pe\u00f1a Ord\u00f3\u00f1ez y Patricia Ram\u00edrez Kuri son las personas propuestas, al contar con la mayor idoneidad y obtener los puntajes m\u00e1s altos en las evaluaciones, de entre las nueve aspirantes que fueron entrevistadas.<\/p>\n<p>Por otra parte, se eligi\u00f3 por unanimidad a Ernesto Jim\u00e9nez Olin para ocupar el cargo de secretario de este comit\u00e9 de selecci\u00f3n.<\/p>\n<p>En la tercera sesi\u00f3n ordinaria de este comit\u00e9, su presidenta, Ana Isabel Gonz\u00e1lez Gonz\u00e1lez, inform\u00f3 que se design\u00f3 esta terna despu\u00e9s de analizar la trayectoria de todas las aspirantes que cumplieron con los requisitos legales, al ser ellas \u201cquienes destacaron por su desempe\u00f1o en la etapa de entrevistas y su cumplimiento con los requisitos establecidos\u201d.<\/p>\n<p>Detall\u00f3 que la terna est\u00e1 integrada \u00fanicamente por mujeres para cumplir con la alternancia de g\u00e9nero establecida en el art\u00edculo 19 de la Ley del Sistema de Planeaci\u00f3n del Desarrollo y el art\u00edculo 9 de la Ley Org\u00e1nica del Instituto de Planeaci\u00f3n Democr\u00e1tica y Prospectiva de la Ciudad de M\u00e9xico.<\/p>\n<p>La terna aprobada fue remitida a la Mesa Directiva del Congreso de la Ciudad de M\u00e9xico para continuar el proceso de designaci\u00f3n correspondiente.<\/p>\n<p>&nbsp;<\/p>\n","protected":false},"excerpt":{"rendered":"<p>El Comit\u00e9 de Selecci\u00f3n de la Persona Titular de la Direcci\u00f3n General del Instituto de Planeaci\u00f3n Democr\u00e1tica y Prospectiva de la Ciudad de M\u00e9xico acord\u00f3 la integraci\u00f3n de la terna a partir de la que se elegir\u00e1 a quien ocupar\u00e1 la titularidad de esta instancia.<\/p>\n","protected":false},"author":1,"featured_media":190363,"comment_status":"open","ping_status":"closed","sticky":false,"template":"","format":"standard","meta":{"footnotes":""},"categories":[23],"tags":[24,22],"class_list":["post-190361","post","type-post","status-publish","format-standard","has-post-thumbnail","hentry","category-congreso-cdmx","tag-congresocdmx","tag-principal"],"amp_enabled":true,"_links":{"self":[{"href":"https:\/\/reportegam.com\/index.php\/wp-json\/wp\/v2\/posts\/190361","targetHints":{"allow":["GET"]}}],"collection":[{"href":"https:\/\/reportegam.com\/index.php\/wp-json\/wp\/v2\/posts"}],"about":[{"href":"https:\/\/reportegam.com\/index.php\/wp-json\/wp\/v2\/types\/post"}],"author":[{"embeddable":true,"href":"https:\/\/reportegam.com\/index.php\/wp-json\/wp\/v2\/users\/1"}],"replies":[{"embeddable":true,"href":"https:\/\/reportegam.com\/index.php\/wp-json\/wp\/v2\/comments?post=190361"}],"version-history":[{"count":0,"href":"https:\/\/reportegam.com\/index.php\/wp-json\/wp\/v2\/posts\/190361\/revisions"}],"wp:featuredmedia":[{"embeddable":true,"href":"https:\/\/reportegam.com\/index.php\/wp-json\/wp\/v2\/media\/190363"}],"wp:attachment":[{"href":"https:\/\/reportegam.com\/index.php\/wp-json\/wp\/v2\/media?parent=190361"}],"wp:term":[{"taxonomy":"category","embeddable":true,"href":"https:\/\/reportegam.com\/index.php\/wp-json\/wp\/v2\/categories?post=190361"},{"taxonomy":"post_tag","embeddable":true,"href":"https:\/\/reportegam.com\/index.php\/wp-json\/wp\/v2\/tags?post=190361"}],"curies":[{"name":"wp","href":"https:\/\/api.w.org\/{rel}","templated":true}]}}